{"id":5361,"date":"2022-06-04T11:34:09","date_gmt":"2022-06-04T07:34:09","guid":{"rendered":"https:\/\/agsaqqallarsurasi.az\/1221-2\/"},"modified":"2022-06-04T11:34:09","modified_gmt":"2022-06-04T07:34:09","slug":"1221-2","status":"publish","type":"post","link":"https:\/\/agsaqqallarsurasi.az\/ru\/1221-2\/","title":{"rendered":"Az\u0259rbaycan A\u011fsaqqallar \u015euras\u0131nda b\u00f6y\u00fck canlanma var"},"content":{"rendered":"<p>Bu fikri iyun ay\u0131n\u0131n 3-d\u0259 Az\u0259rbaycan A\u011fsaqqallar \u015euras\u0131n\u0131n Xa\u00e7maz v\u0259 Quba rayon t\u0259\u015fkilatlar\u0131n\u0131n hesabat konfranslar\u0131nda \u015euran\u0131n s\u0259dr m\u00fcavini Tahir S\u00fcleymanov s\u0259sl\u0259ndirib.Konfranslarda Tahir S\u00fcleymanovla yana\u015f\u0131 Xa\u00e7maz Rayon \u0130cra Hakimiyy\u0259tinin ba\u015f\u00e7\u0131s\u0131 Elnur Rzayev, Quba Rayon \u0130cra Hakimiyy\u0259tinin ba\u015f\u00e7\u0131s\u0131 Ziy\u0259ddin \u018fliyev, Az\u0259rbaycan A\u011fsaqqallar \u015euras\u0131n\u0131n b\u00f6y\u00fck m\u0259l\u0259h\u0259t\u00e7i-h\u00fcquq\u015f\u00fcnas\u0131 Kamal \u018fliyev, rayon a\u011fsaqqallar\u0131, \u015f\u0259hid valideynl\u0259ri, qazil\u0259r, o c\u00fcml\u0259d\u0259n rayon \u0259halisinin dig\u0259r n\u00fcmay\u0259nd\u0259l\u0259ri i\u015ftirak edibl\u0259r.H\u0259r iki rayonda t\u0259dbir i\u015ftirak\u00e7\u0131lar\u0131 \u0259vv\u0259lc\u0259 ulu \u00f6nd\u0259r Heyd\u0259r \u018fliyevin abid\u0259si \u00f6n\u00fcn\u0259 g\u00fcl d\u0259st\u0259l\u0259ri qoyaraq xatir\u0259sini ehtiramla yad edibl\u0259r. Konfranslarda torpaqlar\u0131m\u0131z\u0131n azadl\u0131\u011f\u0131 u\u011frunda h\u0259lak olmu\u015f \u015f\u0259hidl\u0259rin v\u0259 d\u00fcnyas\u0131n\u0131 d\u0259yi\u015fmi\u015f a\u011fsaqqallar\u0131n xatir\u0259si bir d\u0259qiq\u0259lik s\u00fckutla yad edildikd\u0259n sonra Xa\u00e7maz Rayon A\u011fsaqqallar \u015euras\u0131n\u0131n s\u0259dri M\u0259h\u0259rr\u0259m Abasovun v\u0259 Quba Rayon A\u011fsaqqallar \u015euras\u0131n\u0131n s\u0259dri \u0130ld\u0131r\u0131m M\u0259mm\u0259dovun hesabat m\u0259ruz\u0259l\u0259ri dinl\u0259nilib. Natiql\u0259r i\u015ftirak etdikl\u0259ri toplant\u0131lardan, \u015f\u0259hid ail\u0259l\u0259ri v\u0259 qazil\u0259rl\u0259 ke\u00e7irdikl\u0259ri g\u00f6r\u00fc\u015fl\u0259rd\u0259n, g\u0259ncl\u0259rl\u0259 apard\u0131qlar\u0131 maarifl\u0259ndirm\u0259 t\u0259dbirl\u0259rind\u0259n v\u0259 g\u00f6rd\u00fckl\u0259ri dig\u0259r i\u015fl\u0259rd\u0259n dan\u0131\u015faraq, g\u0259l\u0259c\u0259k f\u0259aliyy\u0259t planlar\u0131 bar\u0259d\u0259 d\u0259 konfrans i\u015ftirak\u00e7\u0131lar\u0131na m\u0259lumat veribl\u0259r. Sonra \u00e7\u0131x\u0131\u015f ed\u0259n Xa\u00e7maz Rayon \u0130cra Hakimiyy\u0259tinin ba\u015f\u00e7\u0131s\u0131 Elnur Rzayev v\u0259 Quba Rayon \u0130cra Hakimiyy\u0259tinin ba\u015f\u00e7\u0131s\u0131 Ziy\u0259ddin \u018fliyev Az\u0259rbaycan A\u011fsaqqallar \u015euras\u0131n\u0131n s\u0259dr m\u00fcavini Tahir S\u00fcleymanovu v\u0259 konfrans i\u015ftirak\u00e7\u0131lar\u0131n\u0131 salamlayaraq, respublikam\u0131z\u0131n h\u0259r bir b\u00f6lg\u0259sind\u0259 oldu\u011fu kimi Xa\u00e7maz v\u0259 Qubada da a\u011fsaqqal s\u00f6z\u00fcn\u00fcn \u0259hali \u00fc\u00e7\u00fcn b\u00f6y\u00fck \u0259h\u0259miyy\u0259t da\u015f\u0131mas\u0131ndan, d\u00f6vl\u0259t ba\u015f\u00e7\u0131s\u0131 c\u0259nab \u0130lham \u018fliyevin onlara g\u00f6st\u0259rdiyi diqq\u0259t v\u0259 qay\u011f\u0131dan, h\u0259m\u00e7inin V\u0259t\u0259n m\u00fcharib\u0259sind\u0259ki \u015fanl\u0131 Q\u0259l\u0259b\u0259mizin tarixi \u0259h\u0259miyy\u0259tind\u0259n b\u0259hs \u03a8edibl\u0259r.Tahir S\u00fcleymanov t\u0259dbir i\u015ftirak\u00e7\u0131lar\u0131n\u0131, h\u0259m\u00e7inin ona do\u011fma olan Xa\u00e7maz v\u0259 Quba rayonlar\u0131n\u0131n \u0259halisini Respublika A\u011fsaqqallar \u015euras\u0131n\u0131n s\u0259dri, mill\u0259t v\u0259kili, professor Eldar Quliyevin ad\u0131ndan v\u0259 \u00f6z ad\u0131ndan salamlayaraq, s\u0259mimi v\u0259 maraql\u0131 nitqind\u0259 qeyd edib ki, b\u00fct\u00fcn \u015f\u0259h\u0259r v\u0259 rayonlar\u0131m\u0131zda, ya\u015fad\u0131\u011f\u0131m\u0131z evl\u0259rd\u0259, h\u0259r bir ail\u0259d\u0259 a\u011fsaqqallar\u0131m\u0131za d\u0259rin h\u00f6rm\u0259t v\u0259 ehtiram vard\u0131r. Ulu \u00f6nd\u0259r Heyd\u0259r \u018fliyevin s\u00f6zl\u0259ri il\u0259 des\u0259k h\u0259qiq\u0259t\u0259n d\u0259 \u201cA\u011fsaqqallar milli-m\u0259n\u0259vi d\u0259y\u0259rl\u0259rimizin q\u0131z\u0131l fondudur\u201d.<\/p>\n<p>Az\u0259rbaycan A\u011fsaqqallar \u015euras\u0131n\u0131n s\u0259dr m\u00fcavini Tahir S\u00fcleymanov \u00f6z \u00e7\u0131x\u0131\u015f\u0131nda erm\u0259ni i\u015f\u011fal\u00e7\u0131lar\u0131\u0131n\u0131 d\u0259mir yumruqla diz \u00e7\u00f6km\u0259y\u0259 v\u0259 kapitulyasiya s\u0259n\u0259din\u0259 qol \u00e7\u0259km\u0259y\u0259 m\u0259cbur ed\u0259n Az\u0259rbaycan Respublikas\u0131n\u0131n Prezidenti, m\u00fcz\u0259ff\u0259r Ali Ba\u015f Komandan c\u0259nab \u0130lham \u018fliyevin uzaqg\u00f6r\u0259n diplomat\u0131k v\u0259 siyasi-h\u0259rbi strategiyas\u0131ndan da s\u00f6z a\u00e7\u0131b. M\u00f6ht\u0259\u015f\u0259m Q\u0259l\u0259b\u0259nin qazan\u0131lmas\u0131, torpaqlar\u0131m\u0131z\u0131n terror\u00e7u, vandal erm\u0259ni q\u0259sbkarlar\u0131ndan azad olunmas\u0131 zaman\u0131 q\u0259hr\u0259mancas\u0131na h\u0259lak olan \u015f\u0259hidl\u0259rimiz d\u0259 oldu\u011funu t\u0259\u0259ss\u00fcf hissi il\u0259 qeyd edib. Vur\u011fulay\u0131b ki, biz\u0259 \u0259ziz olan b\u00fct\u00fcn \u015f\u0259hid ail\u0259l\u0259ri v\u0259 qazil\u0259r h\u0259rt\u0259r\u0259fli d\u00f6vl\u0259t d\u0259st\u0259yi il\u0259 \u0259hat\u0259 olunublar, biz a\u011fsaqqallar da onlardan diqq\u0259t v\u0259 qay\u011f\u0131m\u0131z\u0131 \u0259sirg\u0259mirik.<br \/>\nNatiq, h\u0259m\u00e7inin qeyd edib ki, ulu \u00f6nd\u0259r Heyd\u0259r \u018fliyevin daxili v\u0259 xarici siyas\u0259tini u\u011furla davam etdir\u0259n d\u00f6vl\u0259t ba\u015f\u00e7\u0131s\u0131 c\u0259nab \u0130lham \u018fliyevin v\u0259 Az\u0259rbaycan Respublikas\u0131n\u0131n Birinci vitse-prezidenti Mehriban xan\u0131m \u018fliyevan\u0131n t\u00fck\u0259nm\u0259z z\u0259hm\u0259ti il\u0259 g\u00f6r\u00fcl\u0259n i\u015fl\u0259r say\u0259sind\u0259 \u00f6lk\u0259miz g\u00fcnd\u0259n-g\u00fcn\u0259 inki\u015faf ed\u0259r\u0259k b\u00f6y\u00fck u\u011furlara imza at\u0131r. Bu inki\u015faf dig\u0259r sah\u0259l\u0259rd\u0259 oldu\u011fu kimi Az\u0259rbaycan A\u011fsaqqallar \u015euras\u0131n\u0131n f\u0259aliyy\u0259tind\u0259 d\u0259 \u0259ks olunur. Koronovirus pandemiyas\u0131n\u0131n, dem\u0259k olar ki, aradan qalxd\u0131\u011f\u0131 son d\u00f6vrl\u0259rd\u0259 \u015eurada b\u00f6y\u00fck canlanman\u0131n oldu\u011funu vur\u011fulayan Tahir S\u00fcleymanov t\u0259\u015fkilat\u0131n s\u0259dri mill\u0259t v\u0259kili, professor Eldar Quliyevin ba\u015f\u00e7\u0131l\u0131\u011f\u0131 il\u0259 h\u0259yata ke\u00e7iril\u0259n bir s\u0131ra m\u00fch\u00fcm i\u015fl\u0259rd\u0259n v\u0259 xarici s\u0259f\u0259rl\u0259rd\u0259n b\u0259hs edib. Vur\u011fulan\u0131b ki, \u015euran\u0131n n\u00fcmay\u0259nd\u0259 hey\u0259ti T\u00fcrkiy\u0259y\u0259 v\u0259 T\u00fcrkm\u0259nistana s\u0259f\u0259r ed\u0259r\u0259k T\u00fcrk D\u00f6vl\u0259tl\u0259ri T\u0259\u015fkilat\u0131 A\u011fsaqqallar \u015euras\u0131n\u0131n s\u0259dri, qarda\u015f \u00f6lk\u0259nin sabiq Ba\u015f naziri, \u018fdal\u0259t v\u0259 \u0130nki\u015faf Partiyas\u0131n\u0131n S\u0259dr m\u00fcavini Bin\u0259li Y\u0131ld\u0131r\u0131mla, T\u00fcrkm\u0259nistan\u0131n sabiq prezidenti v\u0259 T\u00fcrkm\u0259nistan Milli \u015euras\u0131n\u0131n Xalq M\u0259sl\u0259h\u0259tinin s\u0259dri Qurbanqulu Berdim\u0259h\u0259mm\u0259dovla v\u0259 dig\u0259r n\u00fcfuzlu \u015f\u0259xsl\u0259rl\u0259 \u00e7ox faydal\u0131 g\u00f6r\u00fc\u015fl\u0259r ke\u00e7irib. H\u0259m\u00e7inin Eldar Quliyev Qurbanqulu Berdim\u0259h\u0259mm\u0259dovun a\u011fsaqqall\u0131q f\u0259aliyy\u0259tini y\u00fcks\u0259k d\u0259y\u0259rl\u0259ndir\u0259r\u0259k v\u0259 onu \u201cF\u0259xri A\u011fsaqqal\u201d ordeni il\u0259 t\u0259ltif edib.<br \/>\nKonfranslarda \u00e7\u0131x\u0131\u015f ed\u0259n rayon a\u011fsaqqallar\u0131 v\u0259 dig\u0259r natiql\u0259r onlara g\u00f6st\u0259ril\u0259n diqq\u0259t v\u0259 qay\u011f\u0131ya g\u00f6r\u0259 Az\u0259rbaycan Respublikas\u0131n\u0131n Prezidenti \u0130lham \u018fliyev\u0259 v\u0259 Az\u0259rbaycan Respublikas\u0131n\u0131n Birinci vitse-prezidenti Mehriban \u018fliyevaya d\u0259rin minn\u0259tdarl\u0131qlar\u0131n\u0131 bildiribl\u0259r.<\/p>\n<p>&nbsp;<\/p>\n<p>&nbsp;<\/p>\n<p>&nbsp;<\/p>\n<p>&nbsp;<\/p>\n<p>&nbsp;<\/p>\n<p>&nbsp;<\/p>\n<p>&nbsp;<\/p>\n<p>&nbsp;<\/p>\n<p>&nbsp;<\/p>\n<p>&nbsp;<\/p>\n","protected":false},"excerpt":{"rendered":"<p>Bu fikri iyun ay\u0131n\u0131n 3-d\u0259 Az\u0259rbaycan A\u011fsaqqallar \u015euras\u0131n\u0131n Xa\u00e7maz v\u0259 Quba rayon t\u0259\u015fkilatlar\u0131n\u0131n hesabat konfranslar\u0131nda \u015euran\u0131n s\u0259dr m\u00fcavini Tahir S\u00fcleymanov<\/p>\n","protected":false},"author":1,"featured_media":0,"comment_status":"open","ping_status":"open","sticky":false,"template":"","format":"standard","meta":{"cybocfi_hide_featured_image":""},"categories":[26],"tags":[],"_links":{"self":[{"href":"https:\/\/agsaqqallarsurasi.az\/ru\/wp-json\/wp\/v2\/posts\/5361"}],"collection":[{"href":"https:\/\/agsaqqallarsurasi.az\/ru\/wp-json\/wp\/v2\/posts"}],"about":[{"href":"https:\/\/agsaqqallarsurasi.az\/ru\/wp-json\/wp\/v2\/types\/post"}],"author":[{"embeddable":true,"href":"https:\/\/agsaqqallarsurasi.az\/ru\/wp-json\/wp\/v2\/users\/1"}],"replies":[{"embeddable":true,"href":"https:\/\/agsaqqallarsurasi.az\/ru\/wp-json\/wp\/v2\/comments?post=5361"}],"version-history":[{"count":0,"href":"https:\/\/agsaqqallarsurasi.az\/ru\/wp-json\/wp\/v2\/posts\/5361\/revisions"}],"wp:attachment":[{"href":"https:\/\/agsaqqallarsurasi.az\/ru\/wp-json\/wp\/v2\/media?parent=5361"}],"wp:term":[{"taxonomy":"category","embeddable":true,"href":"https:\/\/agsaqqallarsurasi.az\/ru\/wp-json\/wp\/v2\/categories?post=5361"},{"taxonomy":"post_tag","embeddable":true,"href":"https:\/\/agsaqqallarsurasi.az\/ru\/wp-json\/wp\/v2\/tags?post=5361"}],"curies":[{"name":"wp","href":"https:\/\/api.w.org\/{rel}","templated":true}]}}