{"id":5376,"date":"2022-05-29T14:47:31","date_gmt":"2022-05-29T10:47:31","guid":{"rendered":"https:\/\/agsaqqallarsurasi.az\/must%c9%99qillik-gununu-qalib-dovl%c9%99t-qalib-xalq-kimi-qeyd-edirik\/"},"modified":"2022-05-29T14:47:31","modified_gmt":"2022-05-29T10:47:31","slug":"must%c9%99qillik-gununu-qalib-dovl%c9%99t-qalib-xalq-kimi-qeyd-edirik","status":"publish","type":"post","link":"https:\/\/agsaqqallarsurasi.az\/ru\/must%c9%99qillik-gununu-qalib-dovl%c9%99t-qalib-xalq-kimi-qeyd-edirik\/","title":{"rendered":"M\u00fcst\u0259qillik G\u00fcn\u00fcn\u00fc qalib d\u00f6vl\u0259t, qalib xalq kimi qeyd edirik"},"content":{"rendered":"<p style=\"padding-left: 40px;\">Bu fikri Az\u0259rbaycan A\u011fsaqqallar \u015euras\u0131n\u0131n s\u0259dr m\u00fcavini, professor Elmira S\u00fcleymanova Masall\u0131 Rayon A\u011fsaqqallar \u015euras\u0131n\u0131n 28 May \u2013 M\u00fcst\u0259qillik G\u00fcn\u00fcn\u0259 h\u0259sr edilmi\u015f konfrans\u0131nda s\u0259sl\u0259ndirib.<\/p>\n<p>Konfransda Elmira S\u00fcleymanova il\u0259 yana\u015f\u0131 Masall\u0131 Rayon \u0130cra Hakimiyy\u0259tinin ba\u015f\u00e7\u0131s\u0131n\u0131n m\u00fcavini Ayb\u0259niz Qafarova, Az\u0259rbaycan A\u011fsaqqallar \u015euras\u0131n\u0131n M\u0259tbuat katibi Rafiq Rzayev, Masall\u0131 Rayon A\u011fsaqqallar \u015euras\u0131n\u0131n s\u0259dr m\u00fcavini \u018fyyub Mehdiyev, YAP Masall\u0131 rayon t\u0259\u015fkilat\u0131n\u0131n s\u0259dri Seyf\u0259ddin \u018fliyev, rayon a\u011fsaqqallar\u0131, \u015f\u0259hid valideynl\u0259ri v\u0259 rayon ictimaiyy\u0259tinin dig\u0259r n\u00fcmay\u0259nd\u0259l\u0259ri i\u015ftirak edibl\u0259r.<br \/>\n\u018fvv\u0259lc\u0259 konfrans i\u015ftirak\u00e7\u0131lar\u0131 ulu \u00f6nd\u0259r Heyd\u0259r \u018fliyevin abid\u0259sini v\u0259 Q\u0259hr\u0259manlar park\u0131nda \u015f\u0259hidl\u0259rin abid\u0259-komleksini ziyar\u0259t ed\u0259r\u0259k \u00f6n\u00fcn\u0259 g\u00fcl d\u0259st\u0259l\u0259ri d\u00fcz\u00fcbl\u0259r, \u0259ziz xatir\u0259l\u0259rini ehtiramla yad edibl\u0259r.<br \/>\nMasall\u0131 rayonunun Heyd\u0259r \u018fliyev M\u0259rk\u0259zinin geni\u015f iclas zal\u0131nda t\u0259\u015fkil olunan konfransda respublikam\u0131z\u0131n m\u00fcst\u0259qilliyi v\u0259 \u0259razi b\u00fct\u00f6vl\u00fcy\u00fc u\u011frunda can\u0131ndan ke\u00e7\u0259n V\u0259t\u0259n \u00f6vladlar\u0131n\u0131n xatir\u0259si bir d\u0259qiq\u0259lik s\u00fckutla an\u0131ld\u0131qdan sonra Az\u0259rbaycan A\u011fsaqqallar \u015euras\u0131n\u0131n s\u0259dr m\u00fcavini, professor Elmira S\u00fcleymanova t\u0259dbir i\u015ftirak\u00e7\u0131lar\u0131n\u0131 v\u0259 b\u00fct\u00fcn Masall\u0131 \u0259halisini \u015euran\u0131n s\u0259dri, mill\u0259t v\u0259kili, professor Eldar Quliyevin v\u0259 \u00f6z ad\u0131ndan salamlay\u0131b. O, geni\u015f v\u0259 m\u0259zmunlu \u00e7\u0131x\u0131\u015f\u0131nda Az\u0259rbaycan Xalq C\u00fcmhuriyy\u0259tinin \u015fanl\u0131 tariximizd\u0259ki yeri v\u0259 rolundan, d\u00f6vl\u0259t v\u0259 ordu quruculu\u011fu, iqtisadiyyat\u0131n, t\u0259hsil v\u0259 m\u0259d\u0259niyy\u0259tin inki\u015faf\u0131 sah\u0259sind\u0259 h\u0259yata ke\u00e7irdiyi t\u0259dbirl\u0259rd\u0259n dan\u0131\u015f\u0131b v\u0259 h\u0259min d\u00f6vrd\u0259 at\u0131lan add\u0131mlar\u0131n Az\u0259rbaycan xalq\u0131n\u0131n milli \u00f6z\u00fcn\u00fcd\u0259rkin\u0259 m\u00fch\u00fcm t\u00f6hf\u0259l\u0259r verdiyini deyib. Z\u0259ngin d\u00f6vl\u0259t\u00e7ilik \u0259n\u0259n\u0259l\u0259ri olan Az\u0259rbaycan xalq\u0131n\u0131n XX \u0259srin \u0259vv\u0259lind\u0259 m\u00fcs\u0259lman \u015e\u0259rqind\u0259 ilk demokratik respublika yaratmas\u0131n\u0131n m\u00fch\u00fcm tarixi nailiyy\u0259t oldu\u011funu qeyd edib. Vur\u011fulan\u0131b ki, art\u0131q 2 ildir M\u00fcst\u0259qillik G\u00fcn\u00fcn\u00fc qalib d\u00f6vl\u0259t, qalib xalq kimi qeyd edirik.<br \/>\nUlu \u00f6nd\u0259r Heyd\u0259r \u018fliyevin m\u00fc\u0259yy\u0259n etdiyi uzaqg\u00f6r\u0259n siyas\u0259t n\u0259tic\u0259sind\u0259 m\u00fcst\u0259qil d\u00f6vl\u0259timizin d\u00fcnyan\u0131n inki\u015faf etmi\u015f d\u00f6vl\u0259tl\u0259rind\u0259n birin\u0259 \u00e7evrildiyini qeyd ed\u0259n Elmira S\u00fcleymanova konfrans i\u015ftirak\u00e7\u0131lar\u0131n\u0131n diqq\u0259tin\u0259 \u00e7atd\u0131r\u0131b ki, bu siyas\u0259ti u\u011furla davam etdir\u0259n Az\u0259rbaycan Respublikas\u0131n\u0131n Prezidenti, Ali Ba\u015f Komandan c\u0259nab \u0130lham \u018fliyevin r\u0259hb\u0259rliyi il\u0259 \u00f6lk\u0259miz b\u00fct\u00fcn sah\u0259l\u0259rd\u0259 m\u00fch\u00fcm u\u011furlara imza at\u0131r. Bildirilib ki, 44 g\u00fcnl\u00fck V\u0259t\u0259n m\u00fcharib\u0259sind\u0259 M\u00fcz\u0259ff\u0259r Ali Ba\u015f Komandan\u0131m\u0131z\u0131n ba\u015f\u00e7\u0131l\u0131\u011f\u0131 il\u0259 \u015fanl\u0131 Ordumuz d\u00fc\u015fm\u0259ni q\u0131sa m\u00fcdd\u0259td\u0259 m\u0259\u011flubiyy\u0259t\u0259 u\u011frad\u0131b v\u0259 uzun ill\u0259r i\u015f\u011falda qalan torpaqlar\u0131m\u0131z\u0131 azad ed\u0259r\u0259k 30 illik h\u0259sr\u0259timiz\u0259 son qoyub, xalq\u0131m\u0131za h\u0259dsiz sevinc v\u0259 xo\u015fb\u0259xtlik b\u0259x\u015f edib.<br \/>\nElmira S\u00fcleymanova i\u015f\u011faldan azad olunmu\u015f torpaqlar\u0131m\u0131zda g\u00f6r\u00fcl\u0259n tikinti-b\u0259rpa v\u0259 quruculuq i\u015fl\u0259rind\u0259n d\u0259 dan\u0131\u015faraq qeyd edib ki, bu i\u015fl\u0259r Az\u0259rbaycan d\u00f6vl\u0259tinin q\u00fcdr\u0259tini, \u00f6lk\u0259 r\u0259hb\u0259rliyinin siyasi q\u0259tiyy\u0259tini v\u0259 xalq\u0131m\u0131z\u0131n \u0259zmkarl\u0131\u011f\u0131n\u0131 g\u00f6st\u0259rir. Tarixi Z\u0259f\u0259rimizd\u0259n sonra d\u00f6vl\u0259t ba\u015f\u00e7\u0131s\u0131 c\u0259nab \u0130lham \u018fliyevin r\u0259hb\u0259rliyi v\u0259 Az\u0259rbaycan Respublikas\u0131n\u0131n Birinci vitse-prezidenti Mehriban xan\u0131m \u018fliyevan\u0131n i\u015ftirak\u0131 il\u0259 i\u015f\u011faldan azad olunmu\u015f rayonlar\u0131m\u0131zda hava limanlar\u0131n\u0131n, xeyli sayda sosial v\u0259 dig\u0259r obyektl\u0259rin a\u00e7\u0131l\u0131\u015f\u0131, ya\u015fay\u0131\u015f kompleksl\u0259rinin, binalar\u0131n t\u0259m\u0259lqoyma m\u0259rasiml\u0259rinin ke\u00e7irilm\u0259si h\u0259r k\u0259sd\u0259 y\u00fcks\u0259k q\u00fcrur hissi v\u0259 B\u00f6y\u00fck Qay\u0131d\u0131\u015f\u0131n tezlikl\u0259 realla\u015faca\u011f\u0131na tam \u0259minlik yarad\u0131r. O, a\u011fsaqqallar\u0131n qar\u015f\u0131s\u0131nda duran \u0259sas v\u0259zif\u0259l\u0259rd\u0259n d\u0259 \u0259trafl\u0131 s\u00f6hb\u0259t a\u00e7araq \u015euran\u0131n Nizamnam\u0259 v\u0259 \u018fsasnam\u0259sind\u0259n ir\u0259li g\u0259l\u0259n \u00f6hd\u0259likl\u0259r bar\u0259d\u0259 m\u0259lumat verib v\u0259 m\u00f6vcud reall\u0131qlar\u0131 n\u0259z\u0259r\u0259 almaqla t\u00f6vsiy\u0259l\u0259rini \u00e7atd\u0131r\u0131b.<br \/>\nMasall\u0131 Rayon \u0130cra Hakimiyy\u0259tinin ba\u015f\u00e7\u0131s\u0131n\u0131n m\u00fcavini, \u0130ctimai-siyasi v\u0259 humanitar m\u0259s\u0259l\u0259l\u0259r \u015f\u00f6b\u0259sinin m\u00fcdiri Ayb\u0259niz Qafarova \u00f6z \u00e7\u0131x\u0131\u015f\u0131nda 28 May \u2013 M\u00fcst\u0259qillik G\u00fcn\u00fcn\u00fcn 104-c\u00fc ild\u00f6n\u00fcm\u00fcnd\u0259n, m\u00f6ht\u0259r\u0259m Prezidentimiz c\u0259nab \u0130lham \u018fliyevin r\u0259hb\u0259rliyi il\u0259 m\u00fcst\u0259qil, suveren v\u0259 demokratik Az\u0259rbaycan\u0131n \u0259ld\u0259 etdiyi u\u011furlardan, \u00f6lk\u0259mizin beyn\u0259lxalq ictimaiyy\u0259t \u00fc\u00e7\u00fcn etibarl\u0131 t\u0259r\u0259fda\u015f olmas\u0131ndan b\u0259hs edib. O, \u0259lav\u0259 edib ki, Masall\u0131 a\u011fsaqqallar\u0131 h\u0259r zaman rayonun ictimai-siyasi h\u0259yat\u0131nda f\u0259al m\u00f6vqe s\u0259rgil\u0259yir, g\u0259nc n\u0259slin d\u00f6vl\u0259t\u00e7iliy\u0259 ba\u011fl\u0131l\u0131\u011f\u0131 istiqam\u0259tind\u0259 \u00fcz\u0259rl\u0259rin\u0259 d\u00fc\u015f\u0259n \u015f\u0259r\u0259fli missiyan\u0131 vicdanla v\u0259 m\u0259suliyy\u0259tl\u0259 yerin\u0259 yetirirl\u0259r.<br \/>\nRayon A\u011fsaqqallar \u015euras\u0131n\u0131n s\u0259dr m\u00fcavini, \u201cT\u0259r\u0259qqi\u201d medall\u0131 \u018fyyub Mehdiyev, rayon A\u011fsaqqallar \u015euras\u0131n\u0131n \u00fczvl\u0259rind\u0259n R\u0259bbi K\u0259rimov, \u015f\u0259hid atalar\u0131 Aslan M\u0259h\u0259rr\u0259mov v\u0259 Rauf H\u0259s\u0259nov, \u201cT\u0259r\u0259qqi\u201d medall\u0131 m\u00fc\u0259llim, \u018flil Qad\u0131nlar c\u0259miy\u0259tinin s\u0259dri \u018fmin\u0259 Ab\u0131yeva v\u0259 ba\u015fqalar\u0131 t\u0259dbirin ke\u00e7irilm\u0259sinin \u00f6n\u0259mind\u0259n dan\u0131\u015faraq qeyd edibl\u0259r ki, m\u00fcst\u0259qillik xalq\u0131n s\u0259rv\u0259tidir, onu qorumaq h\u0259r bir v\u0259t\u0259nda\u015f\u0131n m\u0259n\u0259vi borcudur. 44 g\u00fcnl\u00fck V\u0259t\u0259n m\u00fcharib\u0259sind\u0259 qazan\u0131lan m\u00f6ht\u0259\u015f\u0259m Q\u0259l\u0259b\u0259d\u0259 Masall\u0131 g\u0259ncl\u0259rinin d\u0259 b\u00f6y\u00fck pay\u0131 oldu\u011funu, el\u0259c\u0259 d\u0259 bu g\u0259ncl\u0259rin v\u0259t\u0259np\u0259rv\u0259rlik ruhunda b\u00f6y\u00fcm\u0259sind\u0259 a\u011fsaqqallar\u0131m\u0131z\u0131n m\u0259n\u0259vi d\u0259st\u0259yinin v\u0259 \u00f6y\u00fcd-n\u0259sih\u0259tl\u0259rinin \u00f6n\u0259m da\u015f\u0131d\u0131\u011f\u0131n\u0131 qeyd ed\u0259n \u00e7\u0131x\u0131\u015f\u00e7\u0131lar d\u00f6vl\u0259t ba\u015f\u00e7\u0131s\u0131 c\u0259nab \u0130lham \u018fliyevin h\u0259yata ke\u00e7irdiyi siyasi kursu d\u0259st\u0259kl\u0259dikl\u0259rini bildiribl\u0259r.<br \/>\nKonfransdan sonra Az\u0259rbaycan A\u011fsaqqallar \u015euras\u0131n\u0131n s\u0259dr m\u00fcavini, professor Elmira S\u00fcleymanova v\u0259 rayon r\u0259hb\u0259rliyi m\u00fcalic\u0259 olunan Masall\u0131 Rayon A\u011fsaqqallar \u015euras\u0131n\u0131n s\u0259dri \u018fl\u0259\u015fr\u0259f Niftiyevi ziyar\u0259t ed\u0259r\u0259k onun s\u0259hh\u0259ti v\u0259 qay\u011f\u0131lar\u0131 il\u0259 maraqlan\u0131b, Allahdan \u015f\u0259fa dil\u0259yibl\u0259r.<\/p>\n<p>&nbsp;<\/p>\n","protected":false},"excerpt":{"rendered":"<p>Bu fikri Az\u0259rbaycan A\u011fsaqqallar \u015euras\u0131n\u0131n s\u0259dr m\u00fcavini, professor Elmira S\u00fcleymanova Masall\u0131 Rayon A\u011fsaqqallar \u015euras\u0131n\u0131n 28 May \u2013 M\u00fcst\u0259qillik G\u00fcn\u00fcn\u0259 h\u0259sr<\/p>\n","protected":false},"author":1,"featured_media":2937,"comment_status":"open","ping_status":"open","sticky":false,"template":"","format":"standard","meta":{"cybocfi_hide_featured_image":""},"categories":[26],"tags":[],"_links":{"self":[{"href":"https:\/\/agsaqqallarsurasi.az\/ru\/wp-json\/wp\/v2\/posts\/5376"}],"collection":[{"href":"https:\/\/agsaqqallarsurasi.az\/ru\/wp-json\/wp\/v2\/posts"}],"about":[{"href":"https:\/\/agsaqqallarsurasi.az\/ru\/wp-json\/wp\/v2\/types\/post"}],"author":[{"embeddable":true,"href":"https:\/\/agsaqqallarsurasi.az\/ru\/wp-json\/wp\/v2\/users\/1"}],"replies":[{"embeddable":true,"href":"https:\/\/agsaqqallarsurasi.az\/ru\/wp-json\/wp\/v2\/comments?post=5376"}],"version-history":[{"count":0,"href":"https:\/\/agsaqqallarsurasi.az\/ru\/wp-json\/wp\/v2\/posts\/5376\/revisions"}],"wp:featuredmedia":[{"embeddable":true,"href":"https:\/\/agsaqqallarsurasi.az\/ru\/wp-json\/wp\/v2\/media\/2937"}],"wp:attachment":[{"href":"https:\/\/agsaqqallarsurasi.az\/ru\/wp-json\/wp\/v2\/media?parent=5376"}],"wp:term":[{"taxonomy":"category","embeddable":true,"href":"https:\/\/agsaqqallarsurasi.az\/ru\/wp-json\/wp\/v2\/categories?post=5376"},{"taxonomy":"post_tag","embeddable":true,"href":"https:\/\/agsaqqallarsurasi.az\/ru\/wp-json\/wp\/v2\/tags?post=5376"}],"curies":[{"name":"wp","href":"https:\/\/api.w.org\/{rel}","templated":true}]}}