{"id":5383,"date":"2022-05-26T13:35:21","date_gmt":"2022-05-26T09:35:21","guid":{"rendered":"https:\/\/agsaqqallarsurasi.az\/az%c9%99rbaycan-agsaqqallar-surasinin-rayon-t%c9%99skilatlarinin-hesabat-konfranslari-kecirilib\/"},"modified":"2022-05-26T13:35:21","modified_gmt":"2022-05-26T09:35:21","slug":"az%c9%99rbaycan-agsaqqallar-surasinin-rayon-t%c9%99skilatlarinin-hesabat-konfranslari-kecirilib","status":"publish","type":"post","link":"https:\/\/agsaqqallarsurasi.az\/ru\/az%c9%99rbaycan-agsaqqallar-surasinin-rayon-t%c9%99skilatlarinin-hesabat-konfranslari-kecirilib\/","title":{"rendered":"Az\u0259rbaycan A\u011fsaqqallar \u015euras\u0131n\u0131n rayon t\u0259\u015fkilatlar\u0131n\u0131n hesabat  konfranslar\u0131 ke\u00e7irilib"},"content":{"rendered":"<p>Az\u0259rbaycan A\u011fsaqqallar \u015euras\u0131 \u00f6lk\u0259mizin \u015f\u0259h\u0259r v\u0259 rayonlar\u0131nda hesabat konfranslar\u0131 ke\u00e7irir. May ay\u0131n\u0131n 25-d\u0259 \u015euran\u0131n s\u0259dr m\u00fcavini Tahir S\u00fcleymanovun \u00a0i\u015ftirak\u0131 il\u0259 Siy\u0259z\u0259n v\u0259 \u015eabran rayon t\u0259\u015fkilatlar\u0131n\u0131n konfranslar\u0131 ke\u00e7irilib. Bu t\u0259dbirl\u0259rd\u0259 a\u011fsaqqallarla yana\u015f\u0131, rayon icra hakimiyy\u0259tl\u0259rinin r\u0259hb\u0259r \u015f\u0259xsl\u0259ri, rayon ictimaiyy\u0259tinin n\u00fcmay\u0259nd\u0259l\u0259ri v\u0259 g\u0259ncl\u0259r d\u0259 i\u015ftirak edibl\u0259r.<br \/>\nH\u0259r iki rayonda t\u0259dbir i\u015ftirak\u00e7\u0131lar\u0131 \u0259vv\u0259lc\u0259 ulu \u00f6nd\u0259r Heyd\u0259r \u018fliyevin abid\u0259si \u00f6n\u00fcn\u0259 g\u00fcl d\u0259st\u0259l\u0259ri qoyaraq, xatir\u0259sini ehtiramla yad edibl\u0259r.<br \/>\nKonfranslarda torpaqlar\u0131m\u0131z\u0131n azadl\u0131\u011f\u0131 u\u011frunda\u00a0canlar\u0131n\u0131 qurban vermi\u015f \u015f\u0259hidl\u0259rimizin v\u0259 d\u00fcnyas\u0131n\u0131 d\u0259yi\u015fmi\u015f a\u011fsaqqallar\u0131n xatir\u0259si bir d\u0259qiq\u0259lik s\u00fckutla yad edildikd\u0259n sonra \u00e7\u0131x\u0131\u015f ed\u0259n Az\u0259rbaycan A\u011fsaqqallar \u015euras\u0131n\u0131n s\u0259dr m\u00fcavini Tahir S\u00fcleymanov ona do\u011fma v\u0259 \u0259ziz olan Siy\u0259z\u0259n v\u0259 \u015eabran a\u011fsaqqallar\u0131 il\u0259 n\u00f6vb\u0259ti d\u0259f\u0259 g\u00f6r\u00fc\u015fd\u00fcy\u00fc \u00fc\u00e7\u00fcn \u00e7ox \u015fad oldu\u011funu bildirib v\u0259 Az\u0259rbaycan A\u011fsaqqallar \u015euras\u0131n\u0131n s\u0259dri, Milli M\u0259clisin deputat\u0131, professor Eldar Quliyevin s\u0259mimi salamlar\u0131n\u0131 onlara \u00e7atd\u0131r\u0131b. Tahir S\u00fcleymanov rayonlarda ke\u00e7iril\u0259n hesabat konfranslar\u0131n\u0131n h\u0259m d\u0259 28 May \u2013 M\u00fcst\u0259qillik G\u00fcn\u00fcn\u00fcn 104 illliyin\u0259 h\u0259sr edildiyini xat\u0131rladaraq, Az\u0259rbaycan\u0131n d\u00f6vl\u0259t m\u00fcst\u0259qilliyinin tarixi bar\u0259d\u0259 fikirl\u0259rini t\u0259dbir i\u015ftirak\u00e7\u0131lar\u0131 il\u0259 b\u00f6l\u00fc\u015f\u00fcb. O vur\u011fulay\u0131b ki, m\u00fcst\u0259qillik Az\u0259rbaycan xalq\u0131n\u0131n d\u0259y\u0259rli s\u0259rv\u0259tidir v\u0259 bu m\u00fcst\u0259qilliyi qorumaq h\u0259r birimizin m\u00fcq\u0259dd\u0259s borcudur. \u00d6z \u00e7\u0131x\u0131\u015f\u0131nda m\u00f6ht\u0259r\u0259m Prezidentimiz, m\u00fcz\u0259ff\u0259r Ali Ba\u015f Komandan\u0131m\u0131z c\u0259nab \u0130lham \u018fliyevin r\u0259hb\u0259rliyi alt\u0131nda r\u0259\u015fad\u0259tli Ordumuzun qazand\u0131\u011f\u0131 b\u00f6y\u00fck Z\u0259f\u0259rd\u0259n, d\u00fc\u015fm\u0259nin torpaqlar\u0131m\u0131zdan qovulmas\u0131ndan bir daha q\u00fcrurla b\u0259hs ed\u0259n natiq Qaraba\u011f m\u00fcnaqi\u015f\u0259sinin u\u011furla v\u0259 \u0259dal\u0259tl\u0259 h\u0259ll edilm\u0259sinin ya\u015fad\u0131\u011f\u0131m\u0131z b\u00fct\u00fcn b\u00f6lg\u0259d\u0259 s\u00fclh\u0259 v\u0259 t\u0259hl\u00fck\u0259sizliy\u0259 \u0259v\u0259zsiz t\u00f6hf\u0259 oldu\u011funu qeyd edib.<br \/>\nBu g\u00fcn sava\u015f meydan\u0131nda \u0259ld\u0259 etdiyimiz bu tarixi Q\u0259l\u0259b\u0259nin ard\u0131nca i\u015f\u011faldan azad olunmu\u015f torpaqlar\u0131m\u0131zda b\u00f6y\u00fck v\u00fcs\u0259tl\u0259 quruculuq i\u015fl\u0259rinin getdiyini, beyn\u0259lxalq s\u0259viyy\u0259li hava limanlar\u0131n\u0131n istifad\u0259y\u0259 verildiyini, a\u011f\u0131ll\u0131 k\u0259nd v\u0259 q\u0259s\u0259b\u0259 layih\u0259l\u0259rinin h\u0259yata ke\u00e7irildiyini vur\u011fulayan Tahir m\u00fc\u0259llim Az\u0259rbaycan\u0131n m\u0259d\u0259niyy\u0259t paytaxt\u0131 \u015eu\u015fa \u015f\u0259h\u0259rind\u0259 \u0259lam\u0259tdar yerli v\u0259 beyn\u0259lxalq t\u0259dbirl\u0259r ke\u00e7irildiyini konfrans i\u015ftirak\u00e7\u0131lar\u0131n\u0131n diqq\u0259tin\u0259 \u00e7atd\u0131r\u0131b. Bildirilib ki, m\u00f6ht\u0259r\u0259m Prezidentimizin r\u0259hb\u0259rliyi il\u0259 \u00f6lk\u0259miz yeni t\u0259r\u0259qqi m\u0259rh\u0259l\u0259sin\u0259 q\u0259d\u0259m qoyub v\u0259 d\u00f6vl\u0259t ba\u015f\u00e7\u0131s\u0131 c\u0259nab \u0130lham \u018fliyevin, Az\u0259rbaycan Respublikas\u0131n\u0131n Birinci vitse-prezidenti Mehriban xan\u0131m \u018fliyevan\u0131n t\u00fck\u0259nm\u0259z s\u0259yi v\u0259 inc\u0259 z\u00f6vq\u00fc \u0259sas\u0131nda Az\u0259rbaycan daha da g\u00f6z\u0259ll\u0259\u015fir v\u0259 inki\u015faf edir.<br \/>\n\u00d6lk\u0259mizd\u0259 ged\u0259n davaml\u0131 inki\u015faf prosesinin, canlanman\u0131n Az\u0259rbaycan A\u011fsaqqallar \u015euras\u0131nda da \u00f6z\u00fcn\u00fc g\u00f6st\u0259rdiyini bildir\u0259n Tahir S\u00fcleymanov \u015euran\u0131n s\u0259dri, mill\u0259t v\u0259kili, professor Eldar Quliyevin ba\u015f\u00e7\u0131l\u0131\u011f\u0131 il\u0259 t\u0259\u015fkilatda bir \u00e7ox \u0259h\u0259miyy\u0259tli i\u015fl\u0259rin h\u0259yata ke\u00e7irildiyini, o c\u00fcml\u0259d\u0259n beyn\u0259lxalq \u0259laq\u0259l\u0259rin m\u00f6hk\u0259ml\u0259ndirildiyini qeyd edib. Vur\u011fulan\u0131b ki, son bir il \u0259rzind\u0259 \u015euran\u0131n r\u0259hb\u0259rliyi T\u00fcrkiy\u0259d\u0259 v\u0259 T\u00fcrkm\u0259nistanda i\u015fg\u00fczar s\u0259f\u0259rd\u0259 olub, s\u0259f\u0259r \u00e7\u0259r\u00e7iv\u0259sind\u0259 T\u00fcrk D\u00f6vl\u0259tl\u0259ri T\u0259\u015fkilat\u0131 A\u011fsaqqallar \u015euras\u0131n\u0131n s\u0259dri, T\u00fcrkiy\u0259nin sabiq Ba\u015f naziri, \u018fdal\u0259t v\u0259 \u0130nki\u015faf Partiyas\u0131n\u0131n s\u0259dr m\u00fcavini Bin\u0259li Y\u0131ld\u0131r\u0131mla, \u00a0T\u00fcrkm\u0259nistan\u0131n sabiq prezidenti v\u0259 T\u00fcrkm\u0259nistan Milli \u015euras\u0131n\u0131n Xalq M\u0259sl\u0259h\u0259tinin s\u0259dri Qurbanqulu Berdim\u0259h\u0259mm\u0259dovla v\u0259 dig\u0259r r\u0259smi \u015f\u0259xsl\u0259rl\u0259 \u00e7ox s\u0259m\u0259r\u0259li v\u0259 maraql\u0131 g\u00f6r\u00fc\u015fl\u0259r ke\u00e7irilib. H\u0259m\u00e7inin Eldar Quliyev n\u00fcfuzlu a\u011fsaqqal v\u0259 ictimai-siyasi xadim Qurbanqulu Berdim\u0259h\u0259mm\u0259dovun f\u0259aliyy\u0259tini y\u00fcks\u0259k d\u0259y\u0259rl\u0259ndir\u0259r\u0259k, Az\u0259rbaycan A\u011fsaqqallar \u015euras\u0131n\u0131n \u0130dar\u0259 Hey\u0259tinin q\u0259rar\u0131 il\u0259\u00a0 onu \u201cF\u0259xri A\u011fsaqqal\u201d ordeni il\u0259 t\u0259ltif edib.<br \/>\nKonfranslarda \u00e7\u0131x\u0131\u015f ed\u0259n \u015eabran Rayon \u0130cra Hakimiyy\u0259ti ba\u015f\u00e7\u0131s\u0131n\u0131n m\u00fcavini Nat\u0259van Mustafayeva v\u0259 dig\u0259r r\u0259smi \u015f\u0259xsl\u0259r bildiribl\u0259r ki, rayon a\u011fsaqqallar\u0131 h\u0259r zaman oldu\u011fu kimi bu g\u00fcn d\u0259 \u00f6lk\u0259mizin ictimai-siyasi v\u0259 m\u0259d\u0259ni h\u0259yat\u0131nda m\u00fch\u00fcm rol oynay\u0131rlar. Az\u0259rbaycanda a\u011fsaqqal s\u00f6z\u00fcn\u00fcn tarix boyu b\u00f6y\u00fck m\u0259na da\u015f\u0131d\u0131\u011f\u0131n\u0131, x\u00fcsusi \u0259h\u0259miyy\u0259t k\u0259sb etdiyini vur\u011fulayan natiql\u0259r Az\u0259rbaycan Respublikas\u0131n\u0131n Prezidenti c\u0259nab \u0130lham \u018fliyevin r\u0259hb\u0259rliyi il\u0259 h\u0259yata ke\u00e7iril\u0259n dinamik inki\u015faf prosesind\u0259 a\u011fsaqqallar\u0131n\u00a0 f\u0259aliyy\u0259tinin dan\u0131lmaz oldu\u011funu qeyd edibl\u0259r. H\u0259m\u00e7inin rayonlar\u0131n sosial-iqtisadi inki\u015faf\u0131nda da a\u011fsaqqallar\u0131n b\u00f6y\u00fck \u0259m\u0259yinin oldu\u011fu t\u0259dbir i\u015ftirak\u00e7\u0131lar\u0131n\u0131n diqq\u0259tin\u0259 \u00e7atd\u0131r\u0131l\u0131b.<br \/>\nAz\u0259rbaycan A\u011fsaqqallar \u015euras\u0131n\u0131n Siy\u0259z\u0259n rayon t\u0259\u015fkilat\u0131n\u0131n s\u0259dri Q\u0259z\u0259nf\u0259r N\u0259c\u0259fov v\u0259 \u015eabran rayon t\u0259\u015fkilat\u0131n\u0131n s\u0259dri B\u0259hlul Abbasov son bir ild\u0259 g\u00f6r\u00fcl\u0259n i\u015fl\u0259r bar\u0259sind\u0259 hesabat ver\u0259r\u0259k, \u015eura \u00fczvl\u0259rinin s\u0131ralar\u0131n\u0131n geni\u015fl\u0259ndiyini, s\u0259m\u0259r\u0259li t\u0259dbirl\u0259rin, g\u00f6r\u00fc\u015fl\u0259rin ke\u00e7irildiyini, g\u0259ncl\u0259rl\u0259 m\u00fch\u00fcm i\u015fl\u0259rin apar\u0131ld\u0131\u011f\u0131n\u0131 vur\u011fulay\u0131blar. Qeyd olunub ki, koronovirus pandemiyas\u0131, dem\u0259k olar ki, aradan qalxd\u0131\u011f\u0131 \u00fc\u00e7\u00fcn g\u0259l\u0259c\u0259k f\u0259aliyy\u0259tl\u0259rind\u0259 \u00f6z potensiallar\u0131ndan maksimum istifad\u0259 ed\u0259c\u0259kl\u0259r.<br \/>\nSonda Az\u0259rbaycan A\u011fsaqqallar \u015euras\u0131n\u0131n s\u0259dr m\u00fcavini Tahir S\u00fcleymanov konfranslarda i\u015ftirak ed\u0259n h\u0259r bir k\u0259s\u0259 t\u0259\u015f\u0259kk\u00fcr ed\u0259r\u0259k bildirib ki, m\u0259qs\u0259dimiz Az\u0259rbaycanda a\u011fsaqqall\u0131q institutunun f\u0259aliyy\u0259tini, n\u00fcfuzunu daha da y\u00fcks\u0259ltm\u0259kdir v\u0259 biz \u0259minik ki, \u015f\u0259h\u0259r v\u0259 rayon t\u0259\u015fkilatlar\u0131m\u0131zda t\u0259msil olunan tan\u0131nm\u0131\u015f ziyal\u0131lar\u0131m\u0131z\u0131n, elm, m\u0259d\u0259niyy\u0259t v\u0259 ictimai-siyasi xadiml\u0259rimizin d\u0259st\u0259yi il\u0259 bu m\u0259qs\u0259dimiz\u0259 nail olaca\u011f\u0131q.<br \/>\nS\u0259f\u0259r zaman\u0131 Az\u0259rbaycan A\u011fsaqqallar \u015euras\u0131n\u0131n s\u0259dr m\u00fcavini Tahir S\u00fcleymanov \u015eabran rayonundak\u0131 Heyd\u0259r \u018fliyev M\u0259rk\u0259zini d\u0259 ziyar\u0259t ed\u0259r\u0259k oradak\u0131 maraql\u0131 eksponatlarla, \u015f\u0259kill\u0259rl\u0259, kitablarla tan\u0131\u015f olub. Ulu \u00f6nd\u0259r Heyd\u0259r \u018fliyevl\u0259 ba\u011fl\u0131 d\u0259y\u0259rli xatir\u0259l\u0259rini b\u00f6l\u00fc\u015f\u00fcb. Sonda is\u0259 m\u0259rk\u0259zin xatir\u0259 kitab\u0131na \u00f6z \u00fcr\u0259k s\u00f6zl\u0259rini yaz\u0131b.<\/p>\n","protected":false},"excerpt":{"rendered":"<p>Az\u0259rbaycan A\u011fsaqqallar \u015euras\u0131 \u00f6lk\u0259mizin \u015f\u0259h\u0259r v\u0259 rayonlar\u0131nda hesabat konfranslar\u0131 ke\u00e7irir. May ay\u0131n\u0131n 25-d\u0259 \u015euran\u0131n s\u0259dr m\u00fcavini Tahir S\u00fcleymanovun \u00a0i\u015ftirak\u0131 il\u0259<\/p>\n","protected":false},"author":1,"featured_media":2819,"comment_status":"open","ping_status":"open","sticky":false,"template":"","format":"standard","meta":{"cybocfi_hide_featured_image":""},"categories":[26],"tags":[],"_links":{"self":[{"href":"https:\/\/agsaqqallarsurasi.az\/ru\/wp-json\/wp\/v2\/posts\/5383"}],"collection":[{"href":"https:\/\/agsaqqallarsurasi.az\/ru\/wp-json\/wp\/v2\/posts"}],"about":[{"href":"https:\/\/agsaqqallarsurasi.az\/ru\/wp-json\/wp\/v2\/types\/post"}],"author":[{"embeddable":true,"href":"https:\/\/agsaqqallarsurasi.az\/ru\/wp-json\/wp\/v2\/users\/1"}],"replies":[{"embeddable":true,"href":"https:\/\/agsaqqallarsurasi.az\/ru\/wp-json\/wp\/v2\/comments?post=5383"}],"version-history":[{"count":0,"href":"https:\/\/agsaqqallarsurasi.az\/ru\/wp-json\/wp\/v2\/posts\/5383\/revisions"}],"wp:featuredmedia":[{"embeddable":true,"href":"https:\/\/agsaqqallarsurasi.az\/ru\/wp-json\/wp\/v2\/media\/2819"}],"wp:attachment":[{"href":"https:\/\/agsaqqallarsurasi.az\/ru\/wp-json\/wp\/v2\/media?parent=5383"}],"wp:term":[{"taxonomy":"category","embeddable":true,"href":"https:\/\/agsaqqallarsurasi.az\/ru\/wp-json\/wp\/v2\/categories?post=5383"},{"taxonomy":"post_tag","embeddable":true,"href":"https:\/\/agsaqqallarsurasi.az\/ru\/wp-json\/wp\/v2\/tags?post=5383"}],"curies":[{"name":"wp","href":"https:\/\/api.w.org\/{rel}","templated":true}]}}