{"id":5387,"date":"2022-05-25T14:05:05","date_gmt":"2022-05-25T10:05:05","guid":{"rendered":"https:\/\/agsaqqallarsurasi.az\/l%c9%99nk%c9%99ran-rayon-agsaqqallar-surasinin-konfransi-kecirilib\/"},"modified":"2022-11-08T22:01:11","modified_gmt":"2022-11-08T18:01:11","slug":"l%c9%99nk%c9%99ran-rayon-agsaqqallar-surasinin-konfransi-kecirilib","status":"publish","type":"post","link":"https:\/\/agsaqqallarsurasi.az\/ru\/l%c9%99nk%c9%99ran-rayon-agsaqqallar-surasinin-konfransi-kecirilib\/","title":{"rendered":"L\u0259nk\u0259ran Rayon A\u011fsaqqallar \u015euras\u0131n\u0131n konfrans\u0131 ke\u00e7irilib"},"content":{"rendered":"<p>May\u0131n 23-d\u0259 L\u0259nk\u0259ran rayonunun Heyd\u0259r \u018fliyev M\u0259rk\u0259zind\u0259 Az\u0259rbaycan A\u011fsaqqallar \u015euras\u0131n\u0131n t\u0259\u015f\u0259bb\u00fcs\u00fc il\u0259 28 May \u2013 M\u00fcst\u0259qillik G\u00fcn\u00fcn\u0259 h\u0259sr edilmi\u015f konfrans ke\u00e7irilib.<br \/>\nAz\u0259rbaycan A\u011fsaqqallar \u015euras\u0131 s\u0259drinin m\u00fcavini, professor Elmira S\u00fcleymanova, L\u0259nk\u0259ran \u015e\u0259h\u0259r \u0130cra Hakimiyy\u0259tini ba\u015f\u00e7\u0131s\u0131 Taleh Qara\u015fov v\u0259 dig\u0259r konfrans i\u015ftirak\u00e7\u0131lar\u0131 \u00f6nc\u0259 \u00fcmummilli lider Heyd\u0259r \u018fliyevin \u015f\u0259h\u0259rin m\u0259rk\u0259zi meydan\u0131nda ucald\u0131lan abid\u0259sini ziyar\u0259t edib, \u00f6n\u00fcn\u0259 t\u0259r g\u00fcl d\u0259st\u0259l\u0259ri qoyublar.<br \/>\nV\u0259t\u0259n m\u00fcharib\u0259si \u015f\u0259hidl\u0259rinin xatir\u0259sinin bir d\u0259qiq\u0259lik s\u00fckutla yad olundu\u011fu konfrans\u0131 giri\u015f s\u00f6z\u00fc il\u0259 Taleh Qara\u015fov a\u00e7araq bildirib ki, L\u0259nk\u0259ran a\u011fsaqqallar\u0131 h\u0259r zaman \u00f6lk\u0259nin ictimai-siyasi h\u0259yat\u0131nda v\u0259 taley\u00fckl\u00fc m\u0259s\u0259l\u0259l\u0259rin h\u0259llind\u0259 d\u00f6vl\u0259tin yan\u0131nda olublar v\u0259 milli maraqlar prizmas\u0131ndan \u00e7\u0131x\u0131\u015f edibl\u0259r. O qeyd edib ki, ulu \u00f6nd\u0259r Heyd\u0259r \u018fliyev siyasi kursuna sadiqliyi il\u0259 se\u00e7il\u0259n L\u0259nk\u0259ran a\u011fsaqqallar\u0131 bu g\u00fcn d\u0259 eyni s\u0259daq\u0259tl\u0259 \u00f6lk\u0259 Prezidenti c\u0259nab \u0130lham \u018fliyevin \u0259traf\u0131nda s\u0131x birl\u0259\u015fm\u0259kl\u0259 rayon \u0259halisinin, x\u00fcsusil\u0259 d\u0259 g\u0259nc n\u0259slin d\u00f6vl\u0259t\u0259 v\u0259 d\u00f6vl\u0259t\u00e7iliy\u0259 ba\u011fl\u0131l\u011f\u0131 istiqam\u0259tind\u0259 \u00fcz\u0259rl\u0259rin\u0259 d\u00fc\u015f\u0259n \u015f\u0259r\u0259fli v\u0259zif\u0259ni vicdanla v\u0259 m\u0259suliyy\u0259tl\u0259 yerin\u0259 yetirirl\u0259r. 44 g\u00fcnl\u00fck V\u0259t\u0259n m\u00fcharib\u0259si zaman\u0131 rayon a\u011fsaqqallar\u0131n\u0131n v\u0259t\u0259np\u0259rv\u0259rlik t\u0259bli\u011fat\u0131n\u0131 daha da geni\u015fl\u0259ndirdiyini qeyd ed\u0259n Taleh Qara\u015fov \u015f\u0259hid ail\u0259l\u0259rin\u0259 v\u0259 qazil\u0259r\u0259 h\u0259r c\u00fcr m\u0259n\u0259vi v\u0259 maddi d\u0259st\u0259yin g\u00f6st\u0259rildiyini bildirib.<br \/>\nRespublika A\u011fsaqqallar \u015euras\u0131n\u0131n s\u0259dr m\u00fcavini, professor Elmira S\u00fcleymanova 28 May \u2013 M\u00fcst\u0259qillik G\u00fcn\u00fcn\u0259 h\u0259sr edilmi\u015f t\u0259dbirin ke\u00e7irilm\u0259sinin \u0259h\u0259miyy\u0259tind\u0259n dan\u0131\u015faraq qeyd edib ki, m\u00fcst\u0259qillik xalq\u0131n s\u0259rv\u0259tidir, onu qorumaq h\u0259r bir v\u0259t\u0259nda\u015f\u0131n m\u0259n\u0259vi borcudur. Ulu \u00f6nd\u0259r Heyd\u0259r \u018fliyevin \u201cAz\u0259rbaycan\u0131n d\u00f6vl\u0259t m\u00fcst\u0259qilliyi tarixi hadis\u0259dir, Az\u0259rbaycan xalq\u0131n\u0131n tarixi nailiyy\u0259tidir\u201d fikrini xat\u0131rladan Elmira S\u00fcleymanova 44 g\u00fcnl\u00fck V\u0259t\u0259n m\u00fcharib\u0259sind\u0259 r\u0259\u015fad\u0259tli Ordumuzun g\u00fcc\u00fc v\u0259 M\u00fcz\u0259ff\u0259r Ali Ba\u015f Komandan \u0130lham \u018fliyevin yenilm\u0259z irad\u0259si say\u0259sind\u0259 qazand\u0131\u011f\u0131m\u0131z m\u00f6ht\u0259\u015f\u0259m Q\u0259l\u0259b\u0259d\u0259n dan\u0131\u015f\u0131b. Az\u0259rbaycanda \u015f\u0259hid ail\u0259l\u0259rin\u0259 v\u0259 qazil\u0259r\u0259 y\u00fcks\u0259k diqq\u0259t v\u0259 qay\u011f\u0131n\u0131n g\u00f6st\u0259rildiyini qeyd ed\u0259n Elmira S\u00fcleymanova bunun m\u0259hz c\u0259nab Prezident \u0130lham \u018fliyevin v\u0259 Birinci vitse-prezident Mehriban xan\u0131m \u018fliyevan\u0131n s\u0259yi v\u0259 x\u00fcsusi n\u0259zar\u0259ti say\u0259sind\u0259 h\u0259yata ke\u00e7irildiyini vur\u011fulay\u0131b.<br \/>\nSon d\u00f6vrl\u0259rd\u0259 Az\u0259rbaycanda A\u011fsaqqallar \u015euras\u0131nda hiss olunan canlanmadan b\u0259hs ed\u0259r\u0259k mill\u0259t v\u0259kili, professor Eldar Quliyevin ba\u015f\u00e7\u0131l\u0131\u011f\u0131 alt\u0131nda t\u0259\u015fkilat\u0131n h\u0259yata ke\u00e7irdiyi i\u015fl\u0259r bar\u0259sind\u0259 t\u0259dbir i\u015ftirak\u00e7\u0131lar\u0131na m\u0259lumat verib. Bu f\u0259all\u0131\u011f\u0131n bir \u00e7ox rayonlarda oldu\u011fu kimi L\u0259nk\u0259randa da n\u0259z\u0259r\u0259 \u00e7arpd\u0131\u011f\u0131n\u0131 b\u00f6y\u00fck m\u0259mnunluqla qeyd ed\u0259n Elmira S\u00fcleymanova a\u011fsaqqallar\u0131n g\u0259l\u0259c\u0259yimiz olan g\u0259nc\u0259rl\u0259 apard\u0131\u011f\u0131 i\u015fl\u0259rin daha da art\u0131r\u0131lmas\u0131n\u0131n vacibliyini vur\u011fulay\u0131b. Elmira S\u00fcleymanova, h\u0259m\u00e7inin, x\u00fcsusi olaraq qeyd edib ki, \u00fcmummilli lider Heyd\u0259r \u018fliyev t\u0259r\u0259find\u0259n \u0259sas\u0131 qoyulmu\u015f a\u011fsaqqallara v\u0259 ah\u0131l v\u0259t\u0259nda\u015flara d\u00f6vl\u0259tin diqq\u0259t v\u0259 qay\u011f\u0131 siyas\u0259ti bu g\u00fcn m\u00f6ht\u0259r\u0259m Prezidentimiz c\u0259nab \u0130lham \u018fliyev v\u0259 Birinci vitse-prezident Mehriban xan\u0131m \u018fliyeva t\u0259r\u0259find\u0259n u\u011furla davam etdirilir.<br \/>\nDaha sonra L\u0259nk\u0259ran Rayon A\u011fsaqqallar \u015euras\u0131 s\u0259drinin m\u00fcavini G\u00fclo\u011flan Ba\u011f\u0131rov v\u0259 dig\u0259r natiql\u0259r \u00f6z \u00e7\u0131x\u0131\u015flar\u0131nda a\u011fsaqqallar\u0131n rayonun ictimai-m\u0259d\u0259ni h\u0259yat\u0131ndak\u0131 rolundan, g\u00f6rd\u00fckl\u0259ri i\u015fl\u0259rd\u0259n b\u0259hs ed\u0259r\u0259k, g\u0259ncl\u0259rin z\u0259r\u0259rli t\u0259sirl\u0259rd\u0259n uzaq sa\u011flam \u0259saslar \u00fcz\u0259rind\u0259, d\u00f6vl\u0259t\u0259, xalqa s\u0259daq\u0259t ruhunda t\u0259rbiy\u0259si i\u015find\u0259 onlara h\u0259r zaman b\u00f6y\u00fck ehtiyac\u0131n oldu\u011funu t\u0259dbir i\u015ftirak\u00e7\u0131lar\u0131n\u0131n diqq\u0259tin\u0259 \u00e7atd\u0131r\u0131blar. Ya\u015fl\u0131 n\u0259slin n\u00fcmay\u0259nd\u0259l\u0259rin\u0259 g\u00f6st\u0259ril\u0259n d\u00f6vl\u0259t qay\u011f\u0131s\u0131ndan dan\u0131\u015fan a\u011fsaqqallar qeyd edibl\u0259r ki, biz d\u0259 ya\u015fad\u0131\u011f\u0131m\u0131z d\u00f6vr\u00fc d\u0259y\u0259rl\u0259ndirm\u0259li, c\u0259miyy\u0259t\u0259, x\u00fcsusil\u0259 d\u0259 g\u0259nc n\u0259sl\u0259 \u00f6rn\u0259k olmal\u0131, daha xo\u015fb\u0259xt Az\u0259rbaycan namin\u0259 \u0259limizd\u0259n g\u0259l\u0259ni \u0259sirg\u0259m\u0259m\u0259liyik.<\/p>\n","protected":false},"excerpt":{"rendered":"<p>May\u0131n 23-d\u0259 L\u0259nk\u0259ran rayonunun Heyd\u0259r \u018fliyev M\u0259rk\u0259zind\u0259 Az\u0259rbaycan A\u011fsaqqallar \u015euras\u0131n\u0131n t\u0259\u015f\u0259bb\u00fcs\u00fc il\u0259 28 May \u2013 M\u00fcst\u0259qillik G\u00fcn\u00fcn\u0259 h\u0259sr edilmi\u015f konfrans<\/p>\n","protected":false},"author":1,"featured_media":2801,"comment_status":"open","ping_status":"open","sticky":false,"template":"","format":"standard","meta":{"cybocfi_hide_featured_image":""},"categories":[26],"tags":[],"_links":{"self":[{"href":"https:\/\/agsaqqallarsurasi.az\/ru\/wp-json\/wp\/v2\/posts\/5387"}],"collection":[{"href":"https:\/\/agsaqqallarsurasi.az\/ru\/wp-json\/wp\/v2\/posts"}],"about":[{"href":"https:\/\/agsaqqallarsurasi.az\/ru\/wp-json\/wp\/v2\/types\/post"}],"author":[{"embeddable":true,"href":"https:\/\/agsaqqallarsurasi.az\/ru\/wp-json\/wp\/v2\/users\/1"}],"replies":[{"embeddable":true,"href":"https:\/\/agsaqqallarsurasi.az\/ru\/wp-json\/wp\/v2\/comments?post=5387"}],"version-history":[{"count":1,"href":"https:\/\/agsaqqallarsurasi.az\/ru\/wp-json\/wp\/v2\/posts\/5387\/revisions"}],"predecessor-version":[{"id":5434,"href":"https:\/\/agsaqqallarsurasi.az\/ru\/wp-json\/wp\/v2\/posts\/5387\/revisions\/5434"}],"wp:featuredmedia":[{"embeddable":true,"href":"https:\/\/agsaqqallarsurasi.az\/ru\/wp-json\/wp\/v2\/media\/2801"}],"wp:attachment":[{"href":"https:\/\/agsaqqallarsurasi.az\/ru\/wp-json\/wp\/v2\/media?parent=5387"}],"wp:term":[{"taxonomy":"category","embeddable":true,"href":"https:\/\/agsaqqallarsurasi.az\/ru\/wp-json\/wp\/v2\/categories?post=5387"},{"taxonomy":"post_tag","embeddable":true,"href":"https:\/\/agsaqqallarsurasi.az\/ru\/wp-json\/wp\/v2\/tags?post=5387"}],"curies":[{"name":"wp","href":"https:\/\/api.w.org\/{rel}","templated":true}]}}