{"id":5399,"date":"2022-05-14T16:04:42","date_gmt":"2022-05-14T12:04:42","guid":{"rendered":"https:\/\/agsaqqallarsurasi.az\/turkm%c9%99nistanin-sabiq-prezidenti-v%c9%99-turkm%c9%99nistan-milli-surasinin-xalq-m%c9%99sl%c9%99h%c9%99tinin-s%c9%99dri-qurbanqulu-berdim%c9%99h%c9%99mm%c9%99dov-az%c9%99rbaycan-agsaqqallar-surasin\/"},"modified":"2022-11-08T22:01:23","modified_gmt":"2022-11-08T18:01:23","slug":"turkm%c9%99nistanin-sabiq-prezidenti-v%c9%99-turkm%c9%99nistan-milli-surasinin-xalq-m%c9%99sl%c9%99h%c9%99tinin-s%c9%99dri-qurbanqulu-berdim%c9%99h%c9%99mm%c9%99dov-az%c9%99rbaycan-agsaqqallar-surasin","status":"publish","type":"post","link":"https:\/\/agsaqqallarsurasi.az\/ru\/turkm%c9%99nistanin-sabiq-prezidenti-v%c9%99-turkm%c9%99nistan-milli-surasinin-xalq-m%c9%99sl%c9%99h%c9%99tinin-s%c9%99dri-qurbanqulu-berdim%c9%99h%c9%99mm%c9%99dov-az%c9%99rbaycan-agsaqqallar-surasin\/","title":{"rendered":"T\u00fcrkm\u0259nistan\u0131n sabiq prezidenti v\u0259 T\u00fcrkm\u0259nistan Milli \u015euras\u0131n\u0131n Xalq M\u0259sl\u0259h\u0259tinin s\u0259dri Qurbanqulu Berdim\u0259h\u0259mm\u0259dov Az\u0259rbaycan A\u011fsaqqallar \u015euras\u0131n\u0131n s\u0259dri, mill\u0259t v\u0259kili  Eldar Quliyevi q\u0259bul edib"},"content":{"rendered":"<p>X\u0259b\u0259r verdiyimiz kimi, Az\u0259rbaycan A\u011fsaqqallar \u015euras\u0131n\u0131n s\u0259dri, mill\u0259t v\u0259kili, professor Eldar Quliyevin r\u0259hb\u0259rliyi alt\u0131nda n\u00fcmay\u0259nd\u0259 hey\u0259ti &#8211; \u015euran\u0131n s\u0259dr m\u00fcavinl\u0259ri, mill\u0259t v\u0259kili, professor Eldar \u0130brahimov v\u0259 professor Vahid Novruzov, h\u0259m\u00e7inin t\u0259\u015fkilat\u0131n Aparat r\u0259hb\u0259ri Ramin H\u0259s\u0259nli T\u00fcrkm\u0259nistanda i\u015fg\u00fczar s\u0259f\u0259rd\u0259 olublar. S\u0259f\u0259r \u00e7\u0259r\u00e7iv\u0259sind\u0259 T\u00fcrkm\u0259nistan\u0131n sabiq prezidenti v\u0259 T\u00fcrkm\u0259nistan Milli \u015euras\u0131n\u0131n Xalq M\u0259sl\u0259h\u0259tinin s\u0259dri Qurbanqulu Berdim\u0259h\u0259mm\u0259dov Eldar Quliyevi q\u0259bul edib. G\u00f6r\u00fc\u015fd\u0259 Eldar Quliyev g\u00f6st\u0259ril\u0259n qonaqp\u0259rv\u0259rliy\u0259 g\u00f6r\u0259 \u00f6z minn\u0259tdarl\u0131\u011f\u0131n\u0131 bildir\u0259r\u0259k d\u00f6vl\u0259t ba\u015f\u00e7\u0131s\u0131 c\u0259nab \u0130lham \u018fliyevin v\u0259 Az\u0259rbaycan xalq\u0131n\u0131n s\u0259mimi salamlar\u0131n\u0131 Qurbanqulu Berdim\u0259h\u0259mm\u0259dova v\u0259 qarda\u015f t\u00fcrkm\u0259n xalq\u0131na \u00e7atd\u0131r\u0131b. S\u00f6hb\u0259t zaman\u0131 xalqlar\u0131m\u0131z aras\u0131ndak\u0131 m\u00f6vcud tarixi-m\u0259n\u0259vi \u0259laq\u0259l\u0259r\u0259, qarda\u015fl\u0131q m\u00fcnasib\u0259tl\u0259rin\u0259 toxunan Eldar Quliyev T\u00fcrkm\u0259nistan a\u011fsaqqal\u0131 olaraq Qurbanqulu Berdim\u0259h\u0259mm\u0259dovun da t\u0259msil olundu\u011fu T\u00fcrk D\u00f6vl\u0259tl\u0259ri T\u0259\u015fkilat\u0131 A\u011fsaqqallar \u015euras\u0131n\u0131n x\u0259tti il\u0259 \u00f6lk\u0259l\u0259rimizin t\u00fcrk d\u00fcnyas\u0131n\u0131n birliyi v\u0259 h\u0259mr\u0259yliyi istiqam\u0259tind\u0259 g\u0259l\u0259c\u0259kd\u0259 d\u0259 m\u00fch\u00fcm add\u0131mlar ataca\u011f\u0131na \u0259minliyini vur\u011fulay\u0131b. O, h\u0259m\u00e7inin M\u00fcz\u0259ff\u0259r Ali Ba\u015f Komandan \u0130lham \u018fliyevin r\u0259hb\u0259rliyi alt\u0131nda \u015fanl\u0131 Ordumuzun qazand\u0131\u011f\u0131 m\u00f6ht\u0259\u015f\u0259m Z\u0259f\u0259rd\u0259n b\u0259hs ed\u0259r\u0259k qarda\u015f T\u00fcrkm\u0259nistan\u0131n h\u0259r zaman Az\u0259rbaycan\u0131n yan\u0131nda oldu\u011funa g\u00f6r\u0259 \u00f6z t\u0259\u015f\u0259kk\u00fcr\u00fcn\u00fc bildirib.<br \/>\nT\u00fcrkm\u0259nistan\u0131n sabiq prezidenti v\u0259 T\u00fcrkm\u0259nistan Milli \u015euras\u0131n\u0131n Xalq M\u0259sl\u0259h\u0259tinin s\u0259dri Qurbanqulu Berdim\u0259h\u0259mm\u0259dov da, \u00f6z n\u00f6vb\u0259sind\u0259, Az\u0259rbaycan Respublikas\u0131n\u0131n Prezidenti c\u0259nab \u0130lham \u018fliyev\u0259 v\u0259 xalq\u0131m\u0131za d\u0259rin h\u00f6rm\u0259t v\u0259 ehtiram\u0131n\u0131 ifad\u0259 edib. O, 44 g\u00fcnl\u00fck V\u0259t\u0259n m\u00fcharib\u0259sind\u0259 qazan\u0131lan b\u00f6y\u00fck Z\u0259f\u0259r\u0259 g\u00f6r\u0259 bir daha Az\u0259rbaycan xalq\u0131n\u0131 t\u0259brik edib. T\u00fcrk d\u00f6vl\u0259tl\u0259ri, h\u0259m\u00e7inin Az\u0259rbaycan v\u0259 T\u00fcrkm\u0259nistan aras\u0131nda inki\u015faf etm\u0259kd\u0259 olan qar\u015f\u0131l\u0131ql\u0131 faydal\u0131 \u0259m\u0259kda\u015fl\u0131\u011f\u0131n \u0259h\u0259miyy\u0259tini y\u00fcks\u0259k d\u0259y\u0259rl\u0259ndir\u0259n natiq g\u0259l\u0259c\u0259kd\u0259 birg\u0259 layih\u0259l\u0259rin h\u0259yata ke\u00e7irilm\u0259sinin vacibliyini vur\u011fulay\u0131b.<br \/>\n\u0130\u015fg\u00fczar v\u0259 s\u0259mimi \u015f\u0259raitd\u0259 ke\u00e7\u0259n g\u00f6r\u00fc\u015fd\u0259 dig\u0259r r\u0259smi \u015f\u0259xsl\u0259rl\u0259 yana\u015f\u0131, Az\u0259rbaycan A\u011fsaqqallar \u015euras\u0131n\u0131n s\u0259dr m\u00fcavini, mill\u0259t v\u0259kili, professor Eldar \u0130brahimov da i\u015ftirak edib.<\/p>\n","protected":false},"excerpt":{"rendered":"<p>X\u0259b\u0259r verdiyimiz kimi, Az\u0259rbaycan A\u011fsaqqallar \u015euras\u0131n\u0131n s\u0259dri, mill\u0259t v\u0259kili, professor Eldar Quliyevin r\u0259hb\u0259rliyi alt\u0131nda n\u00fcmay\u0259nd\u0259 hey\u0259ti &#8211; \u015euran\u0131n s\u0259dr m\u00fcavinl\u0259ri,<\/p>\n","protected":false},"author":1,"featured_media":2771,"comment_status":"open","ping_status":"open","sticky":false,"template":"","format":"standard","meta":{"cybocfi_hide_featured_image":""},"categories":[26],"tags":[],"_links":{"self":[{"href":"https:\/\/agsaqqallarsurasi.az\/ru\/wp-json\/wp\/v2\/posts\/5399"}],"collection":[{"href":"https:\/\/agsaqqallarsurasi.az\/ru\/wp-json\/wp\/v2\/posts"}],"about":[{"href":"https:\/\/agsaqqallarsurasi.az\/ru\/wp-json\/wp\/v2\/types\/post"}],"author":[{"embeddable":true,"href":"https:\/\/agsaqqallarsurasi.az\/ru\/wp-json\/wp\/v2\/users\/1"}],"replies":[{"embeddable":true,"href":"https:\/\/agsaqqallarsurasi.az\/ru\/wp-json\/wp\/v2\/comments?post=5399"}],"version-history":[{"count":1,"href":"https:\/\/agsaqqallarsurasi.az\/ru\/wp-json\/wp\/v2\/posts\/5399\/revisions"}],"predecessor-version":[{"id":5442,"href":"https:\/\/agsaqqallarsurasi.az\/ru\/wp-json\/wp\/v2\/posts\/5399\/revisions\/5442"}],"wp:featuredmedia":[{"embeddable":true,"href":"https:\/\/agsaqqallarsurasi.az\/ru\/wp-json\/wp\/v2\/media\/2771"}],"wp:attachment":[{"href":"https:\/\/agsaqqallarsurasi.az\/ru\/wp-json\/wp\/v2\/media?parent=5399"}],"wp:term":[{"taxonomy":"category","embeddable":true,"href":"https:\/\/agsaqqallarsurasi.az\/ru\/wp-json\/wp\/v2\/categories?post=5399"},{"taxonomy":"post_tag","embeddable":true,"href":"https:\/\/agsaqqallarsurasi.az\/ru\/wp-json\/wp\/v2\/tags?post=5399"}],"curies":[{"name":"wp","href":"https:\/\/api.w.org\/{rel}","templated":true}]}}