{"id":5413,"date":"2022-04-25T15:38:38","date_gmt":"2022-04-25T11:38:38","guid":{"rendered":"https:\/\/agsaqqallarsurasi.az\/az%c9%99rbaycan-agsaqqallar-surasinin-s%c9%99dri-mill%c9%99t-v%c9%99kili-professor-eldar-quliyev-novb%c9%99ti-d%c9%99f%c9%99-idmanci-g%c9%99ncl%c9%99rl%c9%99-gorusub\/"},"modified":"2022-04-25T15:38:38","modified_gmt":"2022-04-25T11:38:38","slug":"az%c9%99rbaycan-agsaqqallar-surasinin-s%c9%99dri-mill%c9%99t-v%c9%99kili-professor-eldar-quliyev-novb%c9%99ti-d%c9%99f%c9%99-idmanci-g%c9%99ncl%c9%99rl%c9%99-gorusub","status":"publish","type":"post","link":"https:\/\/agsaqqallarsurasi.az\/ru\/az%c9%99rbaycan-agsaqqallar-surasinin-s%c9%99dri-mill%c9%99t-v%c9%99kili-professor-eldar-quliyev-novb%c9%99ti-d%c9%99f%c9%99-idmanci-g%c9%99ncl%c9%99rl%c9%99-gorusub\/","title":{"rendered":"Az\u0259rbaycan A\u011fsaqqallar \u015euras\u0131n\u0131n s\u0259dri, mill\u0259t v\u0259kili, professor Eldar Quliyev n\u00f6vb\u0259ti d\u0259f\u0259 idman\u00e7\u0131 g\u0259ncl\u0259rl\u0259 g\u00f6r\u00fc\u015f\u00fcb"},"content":{"rendered":"<p><img loading=\"lazy\" class=\"wp-image-905 alignleft\" src=\"https:\/\/agsaqqallarsurasi.az\/wp-content\/uploads\/2022\/04\/thumbnail_0ec9975bd81e4c1b2917fbd318b72f47.jpeg\" alt=\"\" width=\"400\" height=\"258\" srcset=\"https:\/\/agsaqqallarsurasi.az\/wp-content\/uploads\/2022\/04\/thumbnail_0ec9975bd81e4c1b2917fbd318b72f47.jpeg 799w, https:\/\/agsaqqallarsurasi.az\/wp-content\/uploads\/2022\/04\/thumbnail_0ec9975bd81e4c1b2917fbd318b72f47-300x194.jpeg 300w, https:\/\/agsaqqallarsurasi.az\/wp-content\/uploads\/2022\/04\/thumbnail_0ec9975bd81e4c1b2917fbd318b72f47-768x496.jpeg 768w\" sizes=\"(max-width: 400px) 100vw, 400px\" \/>H\u0259r zaman g\u0259ncl\u0259rin qay\u011f\u0131lar\u0131, fiziki v\u0259 m\u0259n\u0259vi sa\u011flaml\u0131qlar\u0131 \u00a0il\u0259 yax\u0131ndan maraqlanan, onlara x\u00fcsusi diqq\u0259t ay\u0131ran Az\u0259rbaycan A\u011fsaqqallar \u015euras\u0131n\u0131n s\u0259dri, mill\u0259t v\u0259kili, professor Eldar Quliyev n\u00f6vb\u0259ti d\u0259f\u0259 \u00a0c\u00fcdo idman n\u00f6v\u00fc \u00fczr\u0259 \u00a0y\u00fcks\u0259k nailiyy\u0259t \u0259ld\u0259 etmi\u015f u\u015faq v\u0259 yeniyetm\u0259 idman\u00e7\u0131larla, onlar\u0131n m\u0259\u015fq\u00e7il\u0259ri il\u0259 g\u00f6r\u00fc\u015f\u00fcb.<\/p>\n<p>G\u00f6r\u00fc\u015f zaman\u0131 Eldar Quliyev Az\u0259rbaycan Respublikas\u0131n\u0131n Prezidenti, Milli Olimpiya Komit\u0259sinin s\u0259dri c\u0259nab \u0130lham \u018fliyevin r\u0259hb\u0259rliyi d\u00f6vr\u00fcnd\u0259 \u00f6lk\u0259mizd\u0259 idman\u0131n s\u00fcr\u0259tl\u0259 inki\u015faf etdiyini v\u0259 respublikam\u0131z\u0131 beyn\u0259lxalq s\u0259viyy\u0259d\u0259 u\u011furla t\u0259msil ed\u0259n bir \u00e7ox g\u0259nc idman\u00e7\u0131lar\u0131n yeti\u015fdiyini qeyd edib. Vur\u011fulan\u0131b ki, Az\u0259rbaycan Respublikas\u0131n\u0131n Birinci vitse-prezidenti, Heyd\u0259r \u018fliyev Fondunun Prezidenti Mehriban xan\u0131m \u018fliyeva da idman\u0131m\u0131z\u0131n inki\u015faf\u0131na x\u00fcsusi diqq\u0259t v\u0259 qay\u011f\u0131 g\u00f6st\u0259rir. Adlar\u0131 Az\u0259rbaycan tarixin\u0259 q\u0131z\u0131l h\u0259rfl\u0259rl\u0259 yaz\u0131lan igid qazil\u0259rimizin, q\u0259hr\u0259man v\u0259 unudulmaz \u015f\u0259hidl\u0259rimiz g\u0259nc n\u0259sil \u00fc\u00e7\u00fcn \u0259n g\u00f6z\u0259l \u00f6rn\u0259k oldu\u011funu bildir\u0259n Eldar Quliyev yeniyetm\u0259 idman\u00e7\u0131lar\u0131m\u0131za daim V\u0259t\u0259nimizi sevm\u0259yi, h\u0259r bir sah\u0259d\u0259, o c\u00fcml\u0259d\u0259n idman sah\u0259sind\u0259\u00a0 d\u00f6vl\u0259timizi v\u0259 xalq\u0131m\u0131z\u0131 layiqinc\u0259 t\u0259msil ed\u0259r\u0259k daha b\u00f6y\u00fck u\u011furlar qazanma\u011f\u0131 arzulay\u0131b.<\/p>\n<p>G\u00f6r\u00fc\u015f\u00fcn sonunda Eldar Quliyev g\u0259nc idman\u00e7\u0131lara v\u0259\u00a0 m\u0259\u015fq\u00e7il\u0259rin\u0259 pul m\u00fckafatlar\u0131 t\u0259qdim ed\u0259r\u0259k, onlarla xatir\u0259 \u015f\u0259kli \u00e7\u0259kdirib.<\/p>\n","protected":false},"excerpt":{"rendered":"<p>H\u0259r zaman g\u0259ncl\u0259rin qay\u011f\u0131lar\u0131, fiziki v\u0259 m\u0259n\u0259vi sa\u011flaml\u0131qlar\u0131 \u00a0il\u0259 yax\u0131ndan maraqlanan, onlara x\u00fcsusi diqq\u0259t ay\u0131ran Az\u0259rbaycan A\u011fsaqqallar \u015euras\u0131n\u0131n s\u0259dri, mill\u0259t<\/p>\n","protected":false},"author":1,"featured_media":2685,"comment_status":"open","ping_status":"open","sticky":false,"template":"","format":"standard","meta":{"cybocfi_hide_featured_image":"yes"},"categories":[26],"tags":[],"_links":{"self":[{"href":"https:\/\/agsaqqallarsurasi.az\/ru\/wp-json\/wp\/v2\/posts\/5413"}],"collection":[{"href":"https:\/\/agsaqqallarsurasi.az\/ru\/wp-json\/wp\/v2\/posts"}],"about":[{"href":"https:\/\/agsaqqallarsurasi.az\/ru\/wp-json\/wp\/v2\/types\/post"}],"author":[{"embeddable":true,"href":"https:\/\/agsaqqallarsurasi.az\/ru\/wp-json\/wp\/v2\/users\/1"}],"replies":[{"embeddable":true,"href":"https:\/\/agsaqqallarsurasi.az\/ru\/wp-json\/wp\/v2\/comments?post=5413"}],"version-history":[{"count":0,"href":"https:\/\/agsaqqallarsurasi.az\/ru\/wp-json\/wp\/v2\/posts\/5413\/revisions"}],"wp:featuredmedia":[{"embeddable":true,"href":"https:\/\/agsaqqallarsurasi.az\/ru\/wp-json\/wp\/v2\/media\/2685"}],"wp:attachment":[{"href":"https:\/\/agsaqqallarsurasi.az\/ru\/wp-json\/wp\/v2\/media?parent=5413"}],"wp:term":[{"taxonomy":"category","embeddable":true,"href":"https:\/\/agsaqqallarsurasi.az\/ru\/wp-json\/wp\/v2\/categories?post=5413"},{"taxonomy":"post_tag","embeddable":true,"href":"https:\/\/agsaqqallarsurasi.az\/ru\/wp-json\/wp\/v2\/tags?post=5413"}],"curies":[{"name":"wp","href":"https:\/\/api.w.org\/{rel}","templated":true}]}}