{"id":5415,"date":"2022-04-25T15:35:57","date_gmt":"2022-04-25T11:35:57","guid":{"rendered":"https:\/\/agsaqqallarsurasi.az\/az%c9%99rbaycan-agsaqqallar-surasi-xeyriyy%c9%99-isl%c9%99rini-davam-etdirir\/"},"modified":"2022-04-25T15:35:57","modified_gmt":"2022-04-25T11:35:57","slug":"az%c9%99rbaycan-agsaqqallar-surasi-xeyriyy%c9%99-isl%c9%99rini-davam-etdirir","status":"publish","type":"post","link":"https:\/\/agsaqqallarsurasi.az\/ru\/az%c9%99rbaycan-agsaqqallar-surasi-xeyriyy%c9%99-isl%c9%99rini-davam-etdirir\/","title":{"rendered":"Az\u0259rbaycan A\u011fsaqqallar \u015euras\u0131 xeyriyy\u0259 i\u015fl\u0259rini davam etdirir"},"content":{"rendered":"<p><img loading=\"lazy\" class=\"alignleft wp-image-899\" src=\"https:\/\/agsaqqallarsurasi.az\/wp-content\/uploads\/2022\/04\/thumbnail_5fe06cfe2b1d09de47669cf61d7aca09.jpeg\" alt=\"\" width=\"400\" height=\"258\" srcset=\"https:\/\/agsaqqallarsurasi.az\/wp-content\/uploads\/2022\/04\/thumbnail_5fe06cfe2b1d09de47669cf61d7aca09.jpeg 799w, https:\/\/agsaqqallarsurasi.az\/wp-content\/uploads\/2022\/04\/thumbnail_5fe06cfe2b1d09de47669cf61d7aca09-300x194.jpeg 300w, https:\/\/agsaqqallarsurasi.az\/wp-content\/uploads\/2022\/04\/thumbnail_5fe06cfe2b1d09de47669cf61d7aca09-768x496.jpeg 768w\" sizes=\"(max-width: 400px) 100vw, 400px\" \/>Az\u0259rbaycan A\u011fsaqqallar \u015euras\u0131 t\u0259r\u0259find\u0259n t\u0259\u015fkilat\u0131n s\u0259dri, mill\u0259t v\u0259kili, professor Eldar Quliyevin i\u015ftirak\u0131 il\u0259 Sabun\u00e7u rayonunun Ma\u015fta\u011fa, Bilg\u0259h, Nardaran v\u0259 Zabrat q\u0259s\u0259b\u0259sinin sakinl\u0259rin\u0259, o c\u00fcml\u0259d\u0259n a\u011fsaqqallara, m\u00fcharib\u0259 i\u015ftirak\u00e7\u0131lar\u0131na, \u015f\u0259hid ail\u0259l\u0259rin\u0259, qazil\u0259r\u0259 v\u0259 azt\u0259m\u0259minatl\u0131 ail\u0259l\u0259r\u0259 iftar s\u00fcfr\u0259si verilib.<\/p>\n<p>\u0130ftarda Az\u0259rbaycan A\u011fsaqqallar \u015euras\u0131n\u0131n s\u0259dri, mill\u0259t v\u0259kili, professor Eldar Quliyevl\u0259 yana\u015f\u0131 Milli M\u0259clisin deputat\u0131 \u018fliabbas Salahzad\u0259, Sabun\u00e7u Rayon \u0130cra Hakimiyy\u0259tinin ba\u015f\u00e7\u0131s\u0131 Adil V\u0259liyev v\u0259 dig\u0259r m\u0259sul \u015f\u0259xsl\u0259r i\u015ftirak edibl\u0259r.<\/p>\n<p>\u0130ftar m\u0259rasimi din xadiml\u0259ri t\u0259r\u0259find\u0259n \u201cQurani-K\u0259rim\u201dd\u0259n ay\u0259l\u0259rin v\u0259 Ramazan duas\u0131n\u0131n oxunmas\u0131 il\u0259 ba\u015flay\u0131b. H\u0259m\u00e7inin m\u00fcq\u0259dd\u0259s kitab\u0131m\u0131z olan \u201cQurani K\u0259rim\u201din m\u00fcs\u0259lmanlara nazil oldu\u011fu Ramazan ay\u0131n\u0131n f\u0259zil\u0259tind\u0259n dan\u0131\u015f\u0131l\u0131b. M\u0259rasimd\u0259 i\u015ftirak ed\u0259nl\u0259r s\u00fcfr\u0259 a\u00e7\u0131lmas\u0131nda \u0259ziyy\u0259ti olan h\u0259r bir k\u0259s\u0259, o c\u00fcml\u0259d\u0259n Az\u0259rbaycan A\u011fsaqqallar \u015euras\u0131na v\u0259 \u00f6lk\u0259mizin bug\u00fcnk\u00fc sabitliyi, t\u0259r\u0259qqisi v\u0259 g\u00fcnd\u0259n-g\u00fcn\u0259 g\u00fccl\u0259nm\u0259si u\u011frunda yorulmadan \u00e7al\u0131\u015fan Az\u0259rbaycan Respublikas\u0131n\u0131n Prezidenti c\u0259nab \u0130lham \u018fliyev\u0259 v\u0259 Birinci vitse-prezidenti Mehriban xan\u0131m \u018fliyevaya minn\u0259tdarl\u0131qlar\u0131n\u0131 bildiribl\u0259r.<\/p>\n<p>Sakinl\u0259ri salamlayan Eldar Quliyev Allahdan oruc tutan insanlar\u0131n oruc v\u0259 niyy\u0259tl\u0259rinin q\u0259bul olunmas\u0131n\u0131 arzulay\u0131b. Ramazan ay\u0131n\u0131n sonunda bayram s\u00fcfr\u0259l\u0259rinin d\u0259 verilm\u0259sinin n\u0259z\u0259rd\u0259 tutuldu\u011funu qeyd edib.<\/p>\n<p>Bununla yana\u015f\u0131, xeyriyy\u0259 i\u015fl\u0259rini davam etdir\u0259n Az\u0259rbaycan A\u011fsaqqallar \u015euras\u0131 d\u00f6vl\u0259t ba\u015f\u00e7\u0131s\u0131 c\u0259nab \u0130lham \u018fliyev v\u0259 Birinci vitse-prezident Mehriban xan\u0131m \u018fliyevan\u0131n t\u00f6vsiy\u0259l\u0259rini v\u0259 g\u00f6st\u0259rdikl\u0259ri \u015f\u0259xsi n\u00fcmun\u0259l\u0259ri r\u0259hb\u0259r tutaraq \u00a0\u015f\u0259hid v\u0259 qazi ail\u0259l\u0259rin\u0259 y\u00fcks\u0259k diqq\u0259t v\u0259 qay\u011f\u0131 il\u0259 yana\u015f\u0131r. Bel\u0259 ki, Az\u0259rbaycan A\u011fsaqqallar \u015euras\u0131n\u0131n s\u0259dri, mill\u0259t v\u0259kili, professor Eldar Quliyevin \u015f\u0259xsi t\u0259\u015f\u0259bb\u00fcs\u00fc il\u0259 n\u00f6vb\u0259ti xeyirxah \u0259m\u0259l Bin\u0259q\u0259di rayonunun Bil\u0259c\u0259ri q\u0259s\u0259b\u0259sind\u0259 h\u0259yata ke\u00e7irilib. H\u0259min q\u0259s\u0259b\u0259nin sakini, V\u0259t\u0259n m\u00fcharib\u0259si qazisi, \u201cSuqovu\u015fan\u0131n azad olunmas\u0131na g\u00f6r\u0259\u201d medal\u0131 il\u0259 t\u0259ltif edilmi\u015f \u018flia\u011fa \u018fliyevin ail\u0259si ziyar\u0259t edilib, onlara \u0259rzaq yard\u0131m\u0131 g\u00f6st\u0259rilib. Eldar Quliyevin tap\u015f\u0131r\u0131\u011f\u0131 il\u0259 Az\u0259rbaycan A\u011fsaqqallar \u015euras\u0131n\u0131n Aparat r\u0259hb\u0259ri Ramin H\u0259s\u0259nli ail\u0259nin probleml\u0259ri il\u0259 yax\u0131ndan maraqlan\u0131b v\u0259 onlar\u0131n aradan qald\u0131r\u0131lmas\u0131 \u00fc\u00e7\u00fcn m\u00fcvafiq t\u0259\u015fkilatlar qar\u015f\u0131s\u0131nda m\u0259s\u0259l\u0259 qald\u0131r\u0131laca\u011f\u0131n\u0131 v\u0259 laz\u0131mi k\u00f6m\u0259kliyin g\u00f6st\u0259ril\u0259c\u0259yini bildirib.<\/p>\n","protected":false},"excerpt":{"rendered":"<p>Az\u0259rbaycan A\u011fsaqqallar \u015euras\u0131 t\u0259r\u0259find\u0259n t\u0259\u015fkilat\u0131n s\u0259dri, mill\u0259t v\u0259kili, professor Eldar Quliyevin i\u015ftirak\u0131 il\u0259 Sabun\u00e7u rayonunun Ma\u015fta\u011fa, Bilg\u0259h, Nardaran v\u0259 Zabrat<\/p>\n","protected":false},"author":1,"featured_media":2677,"comment_status":"open","ping_status":"open","sticky":false,"template":"","format":"standard","meta":{"cybocfi_hide_featured_image":"yes"},"categories":[26],"tags":[],"_links":{"self":[{"href":"https:\/\/agsaqqallarsurasi.az\/ru\/wp-json\/wp\/v2\/posts\/5415"}],"collection":[{"href":"https:\/\/agsaqqallarsurasi.az\/ru\/wp-json\/wp\/v2\/posts"}],"about":[{"href":"https:\/\/agsaqqallarsurasi.az\/ru\/wp-json\/wp\/v2\/types\/post"}],"author":[{"embeddable":true,"href":"https:\/\/agsaqqallarsurasi.az\/ru\/wp-json\/wp\/v2\/users\/1"}],"replies":[{"embeddable":true,"href":"https:\/\/agsaqqallarsurasi.az\/ru\/wp-json\/wp\/v2\/comments?post=5415"}],"version-history":[{"count":0,"href":"https:\/\/agsaqqallarsurasi.az\/ru\/wp-json\/wp\/v2\/posts\/5415\/revisions"}],"wp:featuredmedia":[{"embeddable":true,"href":"https:\/\/agsaqqallarsurasi.az\/ru\/wp-json\/wp\/v2\/media\/2677"}],"wp:attachment":[{"href":"https:\/\/agsaqqallarsurasi.az\/ru\/wp-json\/wp\/v2\/media?parent=5415"}],"wp:term":[{"taxonomy":"category","embeddable":true,"href":"https:\/\/agsaqqallarsurasi.az\/ru\/wp-json\/wp\/v2\/categories?post=5415"},{"taxonomy":"post_tag","embeddable":true,"href":"https:\/\/agsaqqallarsurasi.az\/ru\/wp-json\/wp\/v2\/tags?post=5415"}],"curies":[{"name":"wp","href":"https:\/\/api.w.org\/{rel}","templated":true}]}}