{"id":5429,"date":"2022-04-09T17:30:19","date_gmt":"2022-04-09T13:30:19","guid":{"rendered":"https:\/\/agsaqqallarsurasi.az\/guclu-lider-qudr%c9%99tli-az%c9%99rbaycan\/"},"modified":"2022-04-09T17:30:19","modified_gmt":"2022-04-09T13:30:19","slug":"guclu-lider-qudr%c9%99tli-az%c9%99rbaycan","status":"publish","type":"post","link":"https:\/\/agsaqqallarsurasi.az\/ru\/guclu-lider-qudr%c9%99tli-az%c9%99rbaycan\/","title":{"rendered":"G\u00dcCL\u00dc L\u0130DER \u2013 Q\u00dcDR\u018fTL\u0130 AZ\u018fRBAYCAN"},"content":{"rendered":"<p>[vc_row][vc_column][vc_column_text]<img loading=\"lazy\" class=\"alignleft wp-image-650\" src=\"https:\/\/agsaqqallarsurasi.az\/wp-content\/uploads\/2022\/04\/thumbnail_e5f792ae971c4b7c75d7cb13684ebaf0.jpg\" alt=\"\" width=\"400\" height=\"259\" srcset=\"https:\/\/agsaqqallarsurasi.az\/wp-content\/uploads\/2022\/04\/thumbnail_e5f792ae971c4b7c75d7cb13684ebaf0.jpg 799w, https:\/\/agsaqqallarsurasi.az\/wp-content\/uploads\/2022\/04\/thumbnail_e5f792ae971c4b7c75d7cb13684ebaf0-300x194.jpg 300w, https:\/\/agsaqqallarsurasi.az\/wp-content\/uploads\/2022\/04\/thumbnail_e5f792ae971c4b7c75d7cb13684ebaf0-768x497.jpg 768w, https:\/\/agsaqqallarsurasi.az\/wp-content\/uploads\/2022\/04\/thumbnail_e5f792ae971c4b7c75d7cb13684ebaf0-600x388.jpg 600w, https:\/\/agsaqqallarsurasi.az\/wp-content\/uploads\/2022\/04\/thumbnail_e5f792ae971c4b7c75d7cb13684ebaf0-150x97.jpg 150w\" sizes=\"(max-width: 400px) 100vw, 400px\" \/>M\u00f6ht\u0259r\u0259m Prezidentimiz c\u0259nab \u0130lham \u018fliyev 4 il \u00f6nc\u0259 &#8211; 2018-ci il aprel ay\u0131n\u0131n 11-d\u0259 ke\u00e7irilmi\u015f prezident se\u00e7kil\u0259rind\u0259 86,03 faiz s\u0259s toplayaraq xalq\u0131m\u0131z\u0131n b\u00f6y\u00fck \u0259ks\u0259riyy\u0259tinin etimad\u0131n\u0131 qazanm\u0131\u015f v\u0259 n\u00f6vb\u0259ti d\u0259f\u0259 Az\u0259rbaycan Respublikas\u0131n\u0131n Prezidenti se\u00e7ilmi\u015fdir.<\/p>\n<p>Az\u0259rbaycan xalq\u0131 v\u0259 onun daim \u00f6n\u00fcnd\u0259 ged\u0259n a\u011fsaqqallar\u0131m\u0131z h\u0259mi\u015f\u0259 oldu\u011fu kimi, 4 il \u00f6nc\u0259 d\u0259 yenid\u0259n do\u011fru, m\u00fcdrik se\u00e7im etmi\u015fl\u0259r. G\u00fccl\u00fc lider \u0130lham \u018fliyevin r\u0259hb\u0259rliyi alt\u0131nda Az\u0259rbaycan\u0131n art\u0131q \u015fahidi oldu\u011fumuz bug\u00fcnk\u00fc inki\u015faf\u0131na, V\u0259t\u0259n m\u00fcharib\u0259sind\u0259 qazan\u0131lan m\u00f6ht\u0259\u015f\u0259m Z\u0259f\u0259r\u0259 v\u0259 bir \u00e7ox dig\u0259r nailiyy\u0259tl\u0259r\u0259 s\u0259s vermi\u015fl\u0259r. Haz\u0131rda b\u00fct\u00fcn d\u00fcnya etiraf edir ki, m\u00f6ht\u0259r\u0259m Prezidentimiz c\u0259nab \u0130lham \u018fliyevin ba\u015f\u00e7\u0131l\u0131\u011f\u0131 il\u0259 d\u00f6vl\u0259timizin iqtisadi, siyasi, h\u0259rbi q\u00fcdr\u0259ti daha da art\u0131b, xalq\u0131m\u0131z\u0131n rifah\u0131 y\u00fcks\u0259lib, Az\u0259rbaycan regionun lider d\u00f6vl\u0259tin\u0259 \u00e7evrilib.<\/p>\n<p>H\u0259r zaman oldu\u011fu kimi, bu son 4 ild\u0259 d\u0259 Az\u0259rbaycan A\u011fsaqqallar \u015euras\u0131n\u0131n \u00a0\u015f\u0259h\u0259r v\u0259 rayon t\u0259\u015fkilatlar\u0131nda birl\u0259\u015f\u0259n minl\u0259rl\u0259 \u00fczv\u00fc ulu \u00f6nd\u0259r Heyd\u0259r \u018fliyevin i\u015f\u0131ql\u0131 ideyalar\u0131n\u0131 h\u0259yata ke\u00e7ir\u0259n m\u00f6ht\u0259r\u0259m Prezidentimiz c\u0259nab \u0130lham \u018fliyevin u\u011furlu daxili v\u0259 xarici siyas\u0259tini var q\u00fcvv\u0259l\u0259ri il\u0259 d\u0259st\u0259kl\u0259mi\u015f,\u00a0 Az\u0259rbaycan\u0131n g\u0259l\u0259c\u0259k inki\u015faf\u0131 v\u0259 xalq\u0131m\u0131z\u0131n rifah\u0131 namin\u0259 \u0259ll\u0259rind\u0259n g\u0259l\u0259ni \u0259sirg\u0259m\u0259mi\u015fl\u0259r. T\u0259qdim olunan bu m\u0259qal\u0259d\u0259 N\u0259simi Rayon A\u011fsaqqallar \u015euras\u0131n\u0131n s\u0259dri, professor Vaqif \u015eadlinski Az\u0259rbaycan Respublikas\u0131n\u0131n Prezidenti, M\u00fcz\u0259ff\u0259r Ali Ba\u015f Komandan c\u0259nab \u0130lham \u018fliyevin son 4 illik s\u0259m\u0259r\u0259li f\u0259aliyy\u0259tini \u0259trafl\u0131 \u015f\u0259kild\u0259 t\u0259hlil ed\u0259r\u0259k oxucular\u0131n diqq\u0259tin\u0259 \u00e7atd\u0131r\u0131b. H\u0259min m\u0259qal\u0259ni siz\u0259 t\u0259qdim edirik:<\/p>\n<p><strong>Az\u0259rbaycana tariximizin \u0259n \u015fanl\u0131 Q\u0259l\u0259b\u0259sini qazand\u0131ran Lider<\/strong><\/p>\n<p>Az\u0259rbaycan\u0131n \u00e7a\u011fda\u015f siyasi tarixin\u0259 taley\u00fckl\u00fc hadis\u0259l\u0259rd\u0259n biri kimi yaz\u0131lm\u0131\u015f 2018-ci il aprelin 11-d\u0259 ke\u00e7irilmi\u015f prezident se\u00e7kisi \u00f6lk\u0259mizd\u0259 h\u0259rt\u0259r\u0259fli inki\u015faf v\u0259 yenil\u0259nm\u0259nin yeni m\u0259rh\u0259l\u0259sinin ba\u015flan\u011f\u0131c\u0131 oldu. Xalq\u0131m\u0131z h\u0259min se\u00e7kid\u0259 d\u0259 ta\u00adleyini b\u00f6y\u00fck inam v\u0259 y\u00fcks\u0259k etimadla m\u00fcst\u0259qil Az\u0259rbaycan d\u00f6vl\u0259tini memar\u0131 v\u0259 qurucusu Heyd\u0259r \u018fliyevin \u0259n layiqli davam\u00ad\u00e7\u0131s\u0131, \u00f6lk\u0259mizi \u00fcmummilli liderin yaratd\u0131\u011f\u0131 fundamental \u0259saslar \u00fcz\u0259rind\u0259 regionun \u0259n q\u00fcdr\u0259tli d\u00f6vl\u0259tin\u0259 \u00e7evirmi\u015f \u0130lham \u018fliyev\u0259 etibar etdi.<\/p>\n<p>4 il \u0259vv\u0259lin bu g\u00fcnl\u0259rind\u0259 Az\u0259rbaycan xalq\u0131 m\u00fcst\u0259qil d\u00f6vl\u0259timizi ulu \u00f6nd\u0259rin m\u00fc\u0259yy\u0259n etdiyi yol v\u0259 onun tarixi v\u0259siyy\u0259tl\u0259ri \u0259sas\u0131nda q\u0259l\u0259b\u0259d\u0259n-q\u0259l\u0259b\u0259y\u0259 aparan Prezedent \u0130lham \u018fliyevin \u0259traf\u0131nda s\u0131x birl\u0259\u015fm\u0259kl\u0259 inki\u015faf\u0131n davaml\u0131 v\u0259 \u00f6lk\u0259mizin daha q\u00fcdr\u0259tli olmas\u0131na, 28 ild\u0259n b\u0259ri pozul\u00admu\u015f \u0259razi b\u00fct\u00f6vl\u00fcy\u00fcm\u00fcz\u00fcn d\u0259 tezlikl\u0259 t\u0259min edilm\u0259sin\u0259 s\u0259s verdi. Se\u00e7kid\u0259 modern siyas\u0259t v\u0259 d\u00f6vl\u0259t xadimi \u0130lham \u018fliyevin parlaq q\u0259l\u0259b\u0259si bir daha t\u0259sdiq etdi ki, m\u00fcdrik v\u0259 q\u0259dirbil\u0259n xalq \u00f6z taleyini m\u0259hz ill\u0259rin s\u0131na\u011f\u0131ndan \u00e7\u0131xm\u0131\u015f, \u00f6lk\u0259nin inki\u015faf\u0131n\u0131 t\u0259min etmi\u015f, ba\u015fqa alternativi olmayan bir siyas\u0259t\u0259 etibar edir. Bu m\u00fctl\u0259q etimad 2 ild\u0259n sonra Az\u0259rbaycana \u00f6z tarixinin \u0259n m\u00f6ht\u0259\u015f\u0259m Z\u0259f\u0259rini qazand\u0131rd\u0131 \u2013 m\u00fcz\u0259ff\u0259r Ali Ba\u015f Komandan \u0130lham \u018fliyevin r\u0259hb\u0259rliyi alt\u0131nda Silahl\u0131 Q\u00fcvv\u0259l\u0259rimiz i\u015f\u011fal\u00e7\u0131 Erm\u0259nistan\u0131 a\u011f\u0131r m\u0259\u011flubiyy\u0259t\u0259 u\u011fratd\u0131, \u00f6lk\u0259mizin \u0259n a\u011fr\u0131l\u0131 Qaraba\u011f problemi d\u0259, n\u0259hay\u0259t, u\u011furlu h\u0259llini tapd\u0131.<\/p>\n<p>C\u0259miyy\u0259td\u0259ki \u00e7oxlu\u011fun m\u0259nafeyin\u0259 cavab ver\u0259n, praqmatik v\u0259 realist siyas\u0259t y\u00fcr\u00fcd\u0259n Prezident \u0130lham \u018fliyevin son se\u00e7kid\u0259ki m\u00f6ht\u0259\u015f\u0259m q\u0259l\u0259b\u0259sini \u015f\u0259rtl\u0259ndir\u0259n \u0259sas amill\u0259rd\u0259n biri d\u00f6vl\u0259t ba\u015f\u00e7\u0131s\u0131n\u0131n m\u0259hz Heyd\u0259r \u018fliyev siyasi kursuna istinad etm\u0259si, \u00fcmummilli liderin ideyalar\u0131n\u0131 b\u00fct\u00fcn sah\u0259l\u0259rd\u0259 ard\u0131c\u0131l ger\u00e7\u0259kl\u0259\u015fdirm\u0259si, onun siyasi kursunu forma v\u0259 m\u0259zmunca z\u0259nginl\u0259\u015fdirm\u0259sidir. Az\u0259rbaycan lideri \u0130lham \u018fliyev \u0259vv\u0259lki prezidentlik m\u00fcdd\u0259tl\u0259rind\u0259 milli inki\u015faf strategiyas\u0131n\u0131 yeni d\u00f6vr\u00fcn t\u0259l\u0259bl\u0259ri, modern yana\u015fma il\u0259 u\u011furla davam etdirm\u0259kl\u0259 \u00fcmummilli liderin siyasi kursunun alternativsizliyini birm\u0259nal\u0131 t\u0259sdiql\u0259mi\u015fdi. 2018-ci ilin aprel se\u00e7kisi bir daha Heyd\u0259r \u018fliyev siyasi kursunun Az\u0259rbaycan\u0131n yegan\u0259 nicat yolu oldu\u00ad\u011funu, milli inki\u015fafda m\u00fctl\u0259q rol oynad\u0131\u00ad\u011f\u0131n\u0131 n\u00f6vb\u0259ti d\u0259f\u0259 t\u0259sdiql\u0259di. Se\u00e7kinin n\u0259tic\u0259si h\u0259r bir v\u0259t\u0259nda\u015f\u0131n m\u0259nafeyi uca tutulmaqla h\u0259yata ke\u00e7iril\u0259n bu siyasi kursun b\u00f6y\u00fck ictimai etimada, d\u0259st\u0259y\u0259 arxaland\u0131\u011f\u0131n\u0131 n\u00f6vb\u0259ti d\u0259f\u0259 s\u00fcbuta yetirdi.<\/p>\n<p>Yeni se\u00e7ilmi\u015f d\u00f6vl\u0259t ba\u015f\u00e7\u0131s\u0131 kimi Prezident \u0130lham \u018fliyev bir h\u0259ft\u0259 sonra\u2013 2018-ci il aprelin 18-d\u0259 Milli M\u0259clisd\u0259 n\u00f6vb\u0259ti andi\u00e7m\u0259 m\u0259rasimind\u0259 t\u0259nt\u0259n\u0259 il\u0259 b\u0259yan etdi ki, qar\u015f\u0131dak\u0131 7 ilin prioritetl\u0259ri d\u0259 \u0259hat\u0259lidir, h\u0259d\u0259fl\u0259r ayd\u0131nd\u0131r v\u0259 bu yolda ba\u015fl\u0131ca m\u0259qs\u0259d Az\u0259rbaycan\u0131 daha da g\u00fccl\u0259ndirm\u0259k, h\u0259rt\u0259r\u0259fli t\u0259r\u0259qqi il\u0259 daha q\u00fcdr\u0259tli d\u00f6vl\u0259t\u0259 \u00e7evirm\u0259kdir. \u0130lham \u018fliyevin h\u0259r bir prezidentlik d\u00f6vr\u00fc m\u00fcst\u0259qilliyimizin m\u00f6hk\u0259ml\u0259ndirilm\u0259si, xalq\u0131m\u0131zn g\u00fcza\u00adran\u0131n\u0131n yax\u015f\u0131la\u015fd\u0131r\u0131lmas\u0131 u\u011frunda tarixi m\u00fcbariz\u0259nin y\u00fcks\u0259li\u015f m\u0259rh\u0259l\u0259l\u0259ridir. Bu, h\u0259m d\u0259 tarix qar\u015f\u0131s\u0131nda \u00f6y\u00fcncl\u00fc milli hesabatlard\u0131r. Bu tarixin h\u0259r s\u0259hif\u0259sind\u0259 xalq\u0131m\u0131z\u0131n g\u00f6rm\u0259k ist\u0259diyi nailiyy\u0259tl\u0259r s\u0131ralanm\u0131\u015fd\u0131r.<\/p>\n<p>Prezident \u0130lham \u018fliyevin Az\u0259rbaycan d\u00f6vl\u0259tin\u0259 r\u0259hb\u0259rlik etdiyi 2003\u20132018-ci ill\u0259rd\u0259 milli iqtisadiy\u00adyat\u0131m\u0131z 3, qeyri-neft sektoru is\u0259 2,8 d\u0259f\u0259 artm\u0131\u015fd\u0131r. Ard\u0131c\u0131l v\u0259 sistemli \u015f\u0259kild\u0259 h\u0259yata ke\u00e7iril\u0259n sosial siyas\u0259t say\u0259sind\u0259 insanlar\u0131n h\u0259yat \u015f\u0259raiti da\u00advaml\u0131 sur\u0259td\u0259 y\u00fcks\u0259ldilmi\u015f, \u00fcmumi rifah yax\u015f\u0131la\u015fd\u0131r\u0131lm\u0131\u015f, yoxsulluq v\u0259 i\u015fsizlik minimuma endirilmi\u015fdir. B\u00fct\u00fcn bun\u00adlar q\u0131sa m\u00fcdd\u0259td\u0259 onillikl\u0259r\u0259 b\u0259rab\u0259r inki\u015faf\u0131n t\u0259c\u0259ss\u00fcm\u00fc idi.<\/p>\n<p>Az\u0259rbaycan tarixinin \u00f6t\u0259n ill\u0259rinin reall\u0131\u011f\u0131 g\u00f6st\u0259rir ki, \u0130lham \u018fliyev xalq\u0131n etimad\u0131n\u0131 layiqinc\u0259 do\u011frultmu\u015f liderdir. 2020-ci ilin pay\u0131z\u0131na q\u0259d\u0259r xalq\u0131m\u0131z\u0131n yegan\u0259 a\u011f\u0131r problemi torpaqlar\u0131m\u0131z\u0131n i\u015f\u011fal alt\u0131nda olmas\u0131 idi. Ona g\u00f6r\u0259 \u0130lham \u018fliyevin prezident kimi f\u0259aliyy\u0259tinin prioritetl\u0259rind\u0259n birini Erm\u0259nistan\u0131n i\u015f\u011fal siyas\u0259tin\u0259 son qoyulmas\u0131 t\u0259\u015fkil edirdi. \u00d6t\u0259n ill\u0259rd\u0259 \u0130lham \u018fliyev Ali Ba\u015f Komandan kimi ordumuzun d\u00f6y\u00fc\u015f im\u00adkanlar\u0131n\u0131 \u0259n m\u00fcasir s\u0259viyy\u0259y\u0259 \u00e7atd\u0131rd\u0131. Beyn\u0259lxalq t\u0259\u015fkilatlar\u0131n hesabatlar\u0131nda da qeyd olunur ki, Az\u0259rbaycan Ordu\u00adsu d\u00fcnyan\u0131n \u0259n g\u00fccl\u00fc 50 ordusundan biridir.<\/p>\n<p>Bu g\u00fcn d\u00f6n\u00fcb geriy\u0259 baxanda \u0130lham \u018fliyevin \u00f6t\u0259n 4 ild\u0259 n\u0259 q\u0259d\u0259r m\u00f6ht\u0259\u015f\u0259m i\u015fl\u0259r g\u00f6rd\u00fcy\u00fcn\u00fcn, andi\u00e7m\u0259 m\u0259rasimind\u0259 toxundu\u011fu m\u0259s\u0259l\u0259l\u0259rin q\u0131sa d\u00f6vrd\u0259 reall\u0131\u011fa \u00e7evrilm\u0259sinin \u015fahi\u00addi oluruq. Bu 4 ilin h\u0259r bir ili m\u00f6ht\u0259\u015f\u0259m v\u0259 g\u0259l\u0259c\u0259yimiz\u0259 i\u015f\u0131q salan, d\u00f6vl\u0259timizi y\u00fcks\u0259ld\u0259n, xalq\u0131m\u0131za sonsuz sevinc b\u0259x\u015f ed\u0259n hadis\u0259l\u0259rl\u0259, u\u011furlarla, q\u0259l\u0259b\u0259l\u0259rl\u0259 z\u0259ngindir. 2018-ci ilin se\u00e7kil\u0259rind\u0259n sonrak\u0131 aylar Prezident \u0130l\u00adham \u018fliyevin m\u00fc\u0259llifi oldu\u011fu m\u00f6ht\u0259\u015f\u0259m infrastruktur layih\u0259l\u0259rin icras\u0131n\u0131n ba\u015fa \u00e7atmas\u0131 il\u0259 \u0259lam\u0259tdar oldu. H\u0259min ilin may ay\u0131n\u0131n sonlar\u0131nda \u201cC\u0259nub qaz d\u0259hlizi\u201dnin istifad\u0259y\u0259 verilm\u0259si, \u0259sas seqmentl\u0259rind\u0259n olan TANAP k\u0259m\u0259rinin a\u00e7\u0131l\u0131\u015f\u0131 g\u00f6st\u0259rdi ki, ulu \u00f6nd\u0259rin \u0259sas\u0131n\u0131 qoydu\u011fu enerji siyas\u0259ti Prezident \u0130lham \u018fliyev t\u0259r\u0259find\u0259n u\u011furla davam etdirilir.<\/p>\n<p>Bu qlobal s\u0259ciyy\u0259li layih\u0259nin u\u00f6urla ger\u00e7\u0259kl\u0259\u015fdirilm\u0259si b\u00fct\u00fcn d\u00fcnyaya bir daha g\u00f6st\u0259rdi ki, Prezident \u0130lham \u018fliyevin r\u0259hb\u0259rliyi il\u0259 Az\u0259rbaycan birg\u0259 \u0259m\u0259kda\u015fl\u0131q \u00f6hd\u0259likl\u0259rini v\u0259 v\u0259zif\u0259l\u0259rini vaxt\u0131nda yerin\u0259 yetir\u0259n, ayd\u0131n strategi\u00adyas\u0131, d\u0259qiq siyas\u0259ti olan bir d\u00f6vl\u0259tdir. Bunlarla yana\u015f\u0131, \u201cStar\u201d neft emal\u0131 zavodunun, Bak\u0131 Beyn\u0259lxalq D\u0259niz Ticar\u0259t Liman\u0131 Kompleksinin istifad\u0259y\u0259 verilm\u0259si, kosmosda \u00fc\u00e7\u00fcnc\u00fc peykimi\u00adzin orbit\u0259 \u00e7\u0131xar\u0131lmas\u0131 is\u0259 s\u00fcbut etdi ki, Az\u0259rbaycan qlobal layih\u0259l\u0259ri \u00f6z g\u00fcc\u00fcn\u0259 h\u0259yata ke\u00e7irm\u0259y\u0259 d\u0259 qadirdir.<\/p>\n<p>2018-ci il aprelin 11-d\u0259 ke\u00e7iril\u0259n se\u00e7kil\u0259rd\u0259 ona g\u00f6st\u0259ril\u0259n b\u00f6y\u00fck etima\u00adda g\u00f6r\u0259 t\u0259nt\u0259n\u0259li andi\u00e7m\u0259 m\u0259rasimind\u0259 xalq\u0131m\u0131za minn\u0259tdarl\u0131\u011f\u0131n\u0131 ifad\u0259 ed\u0259n Prezident \u0130lham \u018fliyev onu da bildir\u00admi\u015fdi ki, g\u00fcn g\u0259l\u0259c\u0259k v\u0259 bu g\u00fcn h\u0259l\u0259 d\u0259 i\u015f\u011fal alt\u0131nda olan b\u00fct\u00fcn torpaqlarda Az\u0259rbaycan bayra\u011f\u0131 qald\u0131r\u0131lacaq. 44 g\u00fcnl\u00fck V\u0259t\u0259n m\u00fcharib\u0259sind\u0259 qazan\u0131lan b\u00f6y\u00fck Q\u0259l\u0259b\u0259 o g\u00fcn\u00fc yeti\u015fdirdi. Art\u0131q ikinci ildir ki, i\u015f\u011faldan azad edilmi\u015f tor\u00adpaqlar\u0131m\u0131zda, Qaraba\u011f\u0131n q\u0259lbi \u015eu\u015fada \u00fc\u00e7r\u0259ngli m\u00fcq\u0259dd\u0259s bayra\u011f\u0131m\u0131z q\u00fcrurla dal\u011falan\u0131r. \u0130lham \u018fliyevin d\u00f6n\u0259-d\u00f6n\u0259 vur\u011fulad\u0131\u011f\u0131 kimi, he\u00e7 kim bundan sonra bizi buradan \u00e7\u0131xara bilm\u0259z.<\/p>\n<p>\u0130lham \u018fliyev son 2 \u0259srd\u0259 olaraq i\u015f\u011fal olunmu\u015f, itirilmi\u015f torpaqlar\u0131m\u0131z\u0131 ilk d\u0259f\u0259 azad ed\u0259n q\u00fcdr\u0259tli s\u0259rk\u0259rd\u0259, tariximiz\u0259 \u0259n \u015fanl\u0131 Q\u0259l\u0259b\u0259ni yazan liderdir. Ona g\u00f6r\u0259 V\u0259t\u0259n m\u00fcharib\u0259sind\u0259 qazan\u0131lan m\u00f6ht\u0259\u015f\u0259m Z\u0259f\u0259r xalq\u0131m\u0131z\u0131n \u0130lham \u018fliyev\u0259 olan inam v\u0259 etimad\u0131n\u0131 qat-qat art\u0131r\u0131b-y\u00fcks\u0259ltdi. Eyni zamanda, bu z\u0259f\u0259r Az\u0259rbaycan\u0131n bundan sonrak\u0131 inki\u015ff\u0131 \u00fc\u00e7\u00fcn d\u0259 yeni perspektivl\u0259r a\u00e7d\u0131. Bu yolda xalq\u0131m\u0131z \u00f6z sevimli lideri \u0130lham \u018fliyevin \u0259traf\u0131nda bundan sonra da s\u0131x birl\u0259\u015f\u0259c\u0259k v\u0259 tariximiz\u0259 bundan sonra da m\u00f6ht\u0259\u015f\u0259m u\u011furlar h\u0259kk olunacaq.<\/p>\n<p>M\u00fcz\u0259ff\u0259r Ali Ba\u015f Komandan\u0131n d\u00fcnyaya b\u0259yan etdiyi kimi, art\u0131q \u201cDa\u011fl\u0131q Qaraba\u011f problemi\u201d ifad\u0259si yoxdur. Bu problem\u0259 xalq\u0131m\u0131z \u0130lham \u018fliyevin r\u0259hb\u0259rliyi alt\u0131nda son qoydu. Bundan sonra Da\u011fl\u0131q Qaraba\u011fdak\u0131 erm\u0259nil\u0259rin Az\u0259rbaycan d\u00f6vl\u0259tinin qanunlar\u0131 il\u0259 ya\u015famaqdan ba\u015fqa yolu yoxdur. Bu Q\u0259l\u0259b\u0259 h\u0259m d\u0259 regionda yeni reall\u0131q\u00adlara yol a\u00e7\u0131b. Bu m\u0259nada x\u00fcsusi qeyd edilm\u0259lidir ki, Prezident \u0130lham \u018fliyev Erm\u0259nistan\u0131n i\u015f\u011fal siyas\u0259tin\u0259 son qoy\u00admaqla h\u0259m d\u0259 b\u00fct\u00fcn t\u00fcrk d\u00f6vl\u0259tl\u0259rinin daha da yax\u0131nla\u015fmas\u0131na xidm\u0259t ed\u0259n tarixi bir missiyan\u0131 yerin\u0259 yetirdi. Bel\u0259 ki, 10 noyabrda imzalanm\u0131\u015f \u00fc\u00e7t\u0259r\u0259fli b\u0259yanatda Nax\u00e7\u0131van\u0131 Az\u0259rbaycan\u0131n \u0259sas \u0259razisi il\u0259 birl\u0259\u015fdir\u0259n yeni n\u0259qliyyat kommunikasiyalar\u0131n\u0131n in\u015fas\u0131 il\u0259 ba\u011fl\u0131 m\u00fcdd\u0259a yer ald\u0131.<\/p>\n<p>Vaxtil\u0259 Z\u0259ng\u0259zurun Erm\u0259nistana verilm\u0259si il\u0259 T\u00fcrk d\u00fcnyas\u0131 aras\u0131nda co\u011frafi par\u00e7alanma ba\u015f vermi\u015fdi. Az\u0259rbaycan\u0131n Q\u0259l\u0259b\u0259si art\u0131q Z\u0259ng\u0259zur vasit\u0259sil\u0259 b\u00fct\u00fcn T\u00fcrk d\u00fcnyas\u0131n\u0131 birl\u0259\u015fdirm\u0259y\u0259 yol a\u00e7\u0131r. Z\u0259ng\u0259zurdan ke\u00e7\u0259c\u0259k yeni n\u0259qliyyat d\u0259hlizl\u0259ri h\u0259m d\u0259 son onillikl\u0259rd\u0259 b\u0259rpa olunan tarixi \u0130p\u0259k yolunun m\u00fch\u00fcm komponentini t\u0259\u015fkil ed\u0259c\u0259k. D\u00fcnya super g\u00fccl\u0259rind\u0259n biri olan \u00c7in d\u00f6vl\u0259ti d\u0259 Avropaya do\u011fru Az\u0259rbaycandan ke\u00e7\u0259n n\u0259qliyyat d\u0259hlizl\u0259rinin \u0259h\u0259miyy\u0259tini v\u0259 Prezident \u0130lham \u018fliyevin bu y\u00f6nd\u0259 t\u0259\u015f\u0259bb\u00fcsl\u0259rini y\u00fcks\u0259k qiym\u0259tl\u0259ndirir.<\/p>\n<p>\u00d6t\u0259n ill\u0259rin t\u0259cr\u00fcb\u0259si v\u0259 reall\u0131\u011f\u0131 g\u00f6st\u0259rir ki, qeyri-sivil, milli maraqlar\u0131m\u0131\u00adza zidd \u00fcsullarla Az\u0259rbaycana t\u0259sir v\u0259 t\u0259zyiq etm\u0259k m\u00fcmk\u00fcn deyil. Prezident \u0130lham \u018fliyev tam m\u00fcst\u0259qil, q\u0259tiyy\u0259tli siyas\u0259t y\u00fcr\u00fcd\u00fcr v\u0259 torpaqlar\u0131m\u0131z\u0131n i\u015f\u011faldan azad olunmas\u0131 bunun bariz t\u0259sdiqidir. Azad olunmu\u015f Qaraba\u011f zonas\u0131 s\u00fcr\u0259tl\u0259 b\u0259rpa edilir v\u0259 dir\u00e7\u0259lir. Az\u0259rbaycan \u0130lham \u018fliyevin r\u0259hb\u0259rliyi il\u0259 bundan sonra da b\u00f6y\u00fck nailiyy\u0259tl\u0259r qazanmaqla dostlar\u0131 sevindir\u0259c\u0259k, b\u0259dxahlara is\u0259 m\u0259yus ed\u0259c\u0259k.<\/p>\n<p>Vaqif\u00a0 \u015eADL\u0130NSK\u0130<\/p>\n<p>N\u0259simi Rayon A\u011fsaqqallar \u015euras\u0131n\u0131n s\u0259dri,<\/p>\n<p>professor<\/p>\n<p>[\/vc_column_text][\/vc_column][\/vc_row][vc_row][vc_column]\t\t\t<link rel=\"stylesheet\" id=\"wd-section-title-css\" href=\"https:\/\/agsaqqallarsurasi.az\/wp-content\/themes\/agsaqqallarsurasi\/css\/parts\/el-section-title.min.css?ver=6.2.4\" type=\"text\/css\" media=\"all\" \/> \t\t\t\t\t\n\t\t<div id=\"wd-62562c6c630f8\" class=\"title-wrapper wd-wpb set-mb-s reset-last-child  wd-rs-62562c6c630f8 wd-title-color-primary wd-underline-colored wd-title-style-underlined wd-width-100 text-left \">\n\t\t\t\n\t\t\t<div class=\"liner-continer\">\n\t\t\t\t<h4 class=\"woodmart-title-container title  wd-font-weight- wd-fontsize-l\" >Fotoqalereya<\/h4>\n\t\t\t\t\t\t\t<\/div>\n\t\t\t\n\t\t\t\n\t\t\t\n\t\t<\/div>\n\t\t\n\t\t[\/vc_column][\/vc_row]<\/p>\n","protected":false},"excerpt":{"rendered":"<p>[vc_row][vc_column][vc_column_text]M\u00f6ht\u0259r\u0259m Prezidentimiz c\u0259nab \u0130lham \u018fliyev 4 il \u00f6nc\u0259 &#8211; 2018-ci il aprel ay\u0131n\u0131n 11-d\u0259 ke\u00e7irilmi\u015f prezident se\u00e7kil\u0259rind\u0259 86,03 faiz s\u0259s<\/p>\n","protected":false},"author":1,"featured_media":2603,"comment_status":"open","ping_status":"open","sticky":false,"template":"","format":"standard","meta":{"cybocfi_hide_featured_image":"yes"},"categories":[26],"tags":[],"_links":{"self":[{"href":"https:\/\/agsaqqallarsurasi.az\/ru\/wp-json\/wp\/v2\/posts\/5429"}],"collection":[{"href":"https:\/\/agsaqqallarsurasi.az\/ru\/wp-json\/wp\/v2\/posts"}],"about":[{"href":"https:\/\/agsaqqallarsurasi.az\/ru\/wp-json\/wp\/v2\/types\/post"}],"author":[{"embeddable":true,"href":"https:\/\/agsaqqallarsurasi.az\/ru\/wp-json\/wp\/v2\/users\/1"}],"replies":[{"embeddable":true,"href":"https:\/\/agsaqqallarsurasi.az\/ru\/wp-json\/wp\/v2\/comments?post=5429"}],"version-history":[{"count":0,"href":"https:\/\/agsaqqallarsurasi.az\/ru\/wp-json\/wp\/v2\/posts\/5429\/revisions"}],"wp:featuredmedia":[{"embeddable":true,"href":"https:\/\/agsaqqallarsurasi.az\/ru\/wp-json\/wp\/v2\/media\/2603"}],"wp:attachment":[{"href":"https:\/\/agsaqqallarsurasi.az\/ru\/wp-json\/wp\/v2\/media?parent=5429"}],"wp:term":[{"taxonomy":"category","embeddable":true,"href":"https:\/\/agsaqqallarsurasi.az\/ru\/wp-json\/wp\/v2\/categories?post=5429"},{"taxonomy":"post_tag","embeddable":true,"href":"https:\/\/agsaqqallarsurasi.az\/ru\/wp-json\/wp\/v2\/tags?post=5429"}],"curies":[{"name":"wp","href":"https:\/\/api.w.org\/{rel}","templated":true}]}}