{"id":5462,"date":"2022-03-03T16:08:54","date_gmt":"2022-03-03T12:08:54","guid":{"rendered":"https:\/\/agsaqqallarsurasi.az\/az%c9%99rbaycan-agsaqqallar-surasinin-s%c9%99dri-turkm%c9%99nistanin-olk%c9%99mizd%c9%99ki-s%c9%99firi-il%c9%99-gorusub\/"},"modified":"2022-03-03T16:08:54","modified_gmt":"2022-03-03T12:08:54","slug":"az%c9%99rbaycan-agsaqqallar-surasinin-s%c9%99dri-turkm%c9%99nistanin-olk%c9%99mizd%c9%99ki-s%c9%99firi-il%c9%99-gorusub","status":"publish","type":"post","link":"https:\/\/agsaqqallarsurasi.az\/ru\/az%c9%99rbaycan-agsaqqallar-surasinin-s%c9%99dri-turkm%c9%99nistanin-olk%c9%99mizd%c9%99ki-s%c9%99firi-il%c9%99-gorusub\/","title":{"rendered":"Az\u0259rbaycan A\u011fsaqqallar \u015euras\u0131n\u0131n s\u0259dri T\u00fcrkm\u0259nistan\u0131n \u00f6lk\u0259mizd\u0259ki s\u0259firi il\u0259 g\u00f6r\u00fc\u015f\u00fcb"},"content":{"rendered":"<p><img loading=\"lazy\" class=\"alignleft wp-image-51\" src=\"https:\/\/agsaqqallarsurasi.az\/wp-content\/uploads\/2022\/04\/thumbnail_ad6ae47f569a37eaf5c965476194db8f.jpeg\" alt=\"\" width=\"400\" height=\"258\" srcset=\"https:\/\/agsaqqallarsurasi.az\/wp-content\/uploads\/2022\/04\/thumbnail_ad6ae47f569a37eaf5c965476194db8f.jpeg 799w, https:\/\/agsaqqallarsurasi.az\/wp-content\/uploads\/2022\/04\/thumbnail_ad6ae47f569a37eaf5c965476194db8f-150x97.jpeg 150w, https:\/\/agsaqqallarsurasi.az\/wp-content\/uploads\/2022\/04\/thumbnail_ad6ae47f569a37eaf5c965476194db8f-600x387.jpeg 600w, https:\/\/agsaqqallarsurasi.az\/wp-content\/uploads\/2022\/04\/thumbnail_ad6ae47f569a37eaf5c965476194db8f-300x194.jpeg 300w, https:\/\/agsaqqallarsurasi.az\/wp-content\/uploads\/2022\/04\/thumbnail_ad6ae47f569a37eaf5c965476194db8f-768x496.jpeg 768w\" sizes=\"(max-width: 400px) 100vw, 400px\" \/>T\u00fcrkm\u0259nistan\u0131n Az\u0259rbaycandak\u0131 f\u00f6vq\u0259lad\u0259 v\u0259 s\u0259lahiyy\u0259tli s\u0259firi Mekan \u0130\u015fanqul\u0131yev Az\u0259rbaycan A\u011fsaqqallar \u015euras\u0131n\u0131n qona\u011f\u0131 olub. G\u00f6r\u00fc\u015f zaman\u0131 T\u00fcrkm\u0259nistan v\u0259 Az\u0259rbaycan aras\u0131nda\u00a0 \u0259laq\u0259l\u0259rin m\u00f6vcud v\u0259ziyy\u0259ti, bir \u00e7ox sah\u0259l\u0259r \u00fczr\u0259 \u0259m\u0259kda\u015fl\u0131\u011f\u0131n geni\u015fl\u0259ndirilm\u0259si perspektivl\u0259ri v\u0259 qar\u015f\u0131l\u0131ql\u0131 maraq do\u011furan dig\u0259r m\u0259s\u0259l\u0259l\u0259r m\u00fczakir\u0259 edilib.<\/p>\n<p>\u00d6lk\u0259l\u0259rimizi tarixi dostluq v\u0259 qarda\u015fl\u0131q \u0259laq\u0259l\u0259rinin birl\u0259\u015fdirdiyini vur\u011fulayan Az\u0259rbaycan A\u011fsaqqallar \u015euras\u0131n\u0131n s\u0259dri, mill\u0259t v\u0259kili, professor Eldar Quliyev T\u00fcrkm\u0259nistan s\u0259firin\u0259 \u015euran\u0131n f\u0259aliyy\u0259ti bar\u0259d\u0259 m\u0259lumat verib. O, h\u0259m\u00e7inin, qeyd edib ki, Az\u0259rbaycan Respublikas\u0131n\u0131n Prezidenti c\u0259nab \u0130lham \u018fliyevin v\u0259 T\u00fcrkm\u0259nistan Respublikas\u0131n\u0131n Prezidenti c\u0259nab Qurbanqulu Berdimuhammedovun apard\u0131\u011f\u0131 u\u011furlu xarici siyas\u0259t n\u0259tic\u0259sind\u0259 iki \u00f6lk\u0259 aras\u0131nda m\u00fcnasib\u0259tl\u0259r \u00e7ox y\u00fcks\u0259k s\u0259viyy\u0259d\u0259dir v\u0259 g\u0259l\u0259c\u0259kd\u0259 xalqlar\u0131m\u0131z aras\u0131nda \u0259laq\u0259l\u0259rin daha da g\u00fccl\u0259ndirilm\u0259si bizim \u0259sas v\u0259zif\u0259l\u0259rimizd\u0259n biridir.<\/p>\n<p>G\u00f6r\u00fc\u015fd\u0259 h\u0259r iki \u00f6lk\u0259nin A\u011fsaqqallar \u015euralar\u0131 aras\u0131ndak\u0131 \u0259m\u0259kda\u015fl\u0131q f\u0259aliyy\u0259ti bar\u0259d\u0259 d\u0259 fikir m\u00fcbadil\u0259si apar\u0131l\u0131b, T\u00fcrk D\u00f6vl\u0259tl\u0259ri T\u0259\u015fkilat\u0131 \u00e7\u0259r\u00e7iv\u0259sind\u0259 h\u0259mr\u0259yliyin art\u0131r\u0131lmas\u0131 istiqam\u0259tind\u0259 at\u0131lacaq m\u00fch\u00fcm add\u0131mlar, g\u0259l\u0259c\u0259k planlar m\u00fczakir\u0259 edilib.\u00a0\u018flaq\u0259l\u0259rin g\u00fccl\u0259ndirilm\u0259si v\u0259 t\u0259cr\u00fcb\u0259 m\u00fcbadil\u0259sinin apar\u0131lmas\u0131 m\u0259qs\u0259dil\u0259 qar\u015f\u0131l\u0131ql\u0131 s\u0259f\u0259rl\u0259rin h\u0259yata ke\u00e7irilm\u0259sinin \u0259h\u0259miyy\u0259tind\u0259n s\u00f6hb\u0259t a\u00e7\u0131l\u0131b.<\/p>\n<p>G\u00f6r\u00fc\u015f\u00fcn sonunda Eldar Quliyev s\u0259firliyin f\u0259aliyy\u0259tin\u0259, h\u0259m\u00e7inin qarda\u015f t\u00fcrkm\u0259n xalq\u0131na u\u011furlar \u00a0arzulay\u0131b, s\u0259fir Mekan \u0130\u015fanqul\u0131yev is\u0259 xatir\u0259 h\u0259diyy\u0259si t\u0259qdim ed\u0259r\u0259k qonaqp\u0259rv\u0259rliy\u0259 v\u0259 s\u0259mimi m\u00fcnasib\u0259t\u0259 g\u00f6r\u0259 \u00f6z minn\u0259tdarl\u0131\u011f\u0131n\u0131 bildirib.<\/p>\n","protected":false},"excerpt":{"rendered":"<p>T\u00fcrkm\u0259nistan\u0131n Az\u0259rbaycandak\u0131 f\u00f6vq\u0259lad\u0259 v\u0259 s\u0259lahiyy\u0259tli s\u0259firi Mekan \u0130\u015fanqul\u0131yev Az\u0259rbaycan A\u011fsaqqallar \u015euras\u0131n\u0131n qona\u011f\u0131 olub. G\u00f6r\u00fc\u015f zaman\u0131 T\u00fcrkm\u0259nistan v\u0259 Az\u0259rbaycan aras\u0131nda\u00a0 \u0259laq\u0259l\u0259rin<\/p>\n","protected":false},"author":1,"featured_media":2345,"comment_status":"open","ping_status":"open","sticky":false,"template":"","format":"standard","meta":{"cybocfi_hide_featured_image":"yes"},"categories":[26],"tags":[],"_links":{"self":[{"href":"https:\/\/agsaqqallarsurasi.az\/ru\/wp-json\/wp\/v2\/posts\/5462"}],"collection":[{"href":"https:\/\/agsaqqallarsurasi.az\/ru\/wp-json\/wp\/v2\/posts"}],"about":[{"href":"https:\/\/agsaqqallarsurasi.az\/ru\/wp-json\/wp\/v2\/types\/post"}],"author":[{"embeddable":true,"href":"https:\/\/agsaqqallarsurasi.az\/ru\/wp-json\/wp\/v2\/users\/1"}],"replies":[{"embeddable":true,"href":"https:\/\/agsaqqallarsurasi.az\/ru\/wp-json\/wp\/v2\/comments?post=5462"}],"version-history":[{"count":0,"href":"https:\/\/agsaqqallarsurasi.az\/ru\/wp-json\/wp\/v2\/posts\/5462\/revisions"}],"wp:featuredmedia":[{"embeddable":true,"href":"https:\/\/agsaqqallarsurasi.az\/ru\/wp-json\/wp\/v2\/media\/2345"}],"wp:attachment":[{"href":"https:\/\/agsaqqallarsurasi.az\/ru\/wp-json\/wp\/v2\/media?parent=5462"}],"wp:term":[{"taxonomy":"category","embeddable":true,"href":"https:\/\/agsaqqallarsurasi.az\/ru\/wp-json\/wp\/v2\/categories?post=5462"},{"taxonomy":"post_tag","embeddable":true,"href":"https:\/\/agsaqqallarsurasi.az\/ru\/wp-json\/wp\/v2\/tags?post=5462"}],"curies":[{"name":"wp","href":"https:\/\/api.w.org\/{rel}","templated":true}]}}