{"id":5501,"date":"2022-01-19T14:48:27","date_gmt":"2022-01-19T10:48:27","guid":{"rendered":"https:\/\/agsaqqallarsurasi.az\/az%c9%99rbaycan-agsaqqallar-surasinin-uzvl%c9%99ri-s%c9%99hidl%c9%99r-xiyabanini-ziyar%c9%99t-edibl%c9%99r-2\/"},"modified":"2022-01-19T14:48:27","modified_gmt":"2022-01-19T10:48:27","slug":"az%c9%99rbaycan-agsaqqallar-surasinin-uzvl%c9%99ri-s%c9%99hidl%c9%99r-xiyabanini-ziyar%c9%99t-edibl%c9%99r-2","status":"publish","type":"post","link":"https:\/\/agsaqqallarsurasi.az\/ru\/az%c9%99rbaycan-agsaqqallar-surasinin-uzvl%c9%99ri-s%c9%99hidl%c9%99r-xiyabanini-ziyar%c9%99t-edibl%c9%99r-2\/","title":{"rendered":"Az\u0259rbaycan A\u011fsaqqallar \u015euras\u0131n\u0131n \u00fczvl\u0259ri \u015e\u0259hidl\u0259r Xiyaban\u0131n\u0131 ziyar\u0259t edibl\u0259r"},"content":{"rendered":"<p><img loading=\"lazy\" class=\"alignleft wp-image-601\" src=\"https:\/\/agsaqqallarsurasi.az\/wp-content\/uploads\/2022\/04\/thumbnail_954183a640a8f2d135b6c5b6dad2060c.jpeg\" alt=\"\" width=\"400\" height=\"258\" srcset=\"https:\/\/agsaqqallarsurasi.az\/wp-content\/uploads\/2022\/04\/thumbnail_954183a640a8f2d135b6c5b6dad2060c.jpeg 799w, https:\/\/agsaqqallarsurasi.az\/wp-content\/uploads\/2022\/04\/thumbnail_954183a640a8f2d135b6c5b6dad2060c-300x194.jpeg 300w, https:\/\/agsaqqallarsurasi.az\/wp-content\/uploads\/2022\/04\/thumbnail_954183a640a8f2d135b6c5b6dad2060c-768x496.jpeg 768w, https:\/\/agsaqqallarsurasi.az\/wp-content\/uploads\/2022\/04\/thumbnail_954183a640a8f2d135b6c5b6dad2060c-600x387.jpeg 600w, https:\/\/agsaqqallarsurasi.az\/wp-content\/uploads\/2022\/04\/thumbnail_954183a640a8f2d135b6c5b6dad2060c-150x97.jpeg 150w\" sizes=\"(max-width: 400px) 100vw, 400px\" \/>Bu g\u00fcn Az\u0259rbaycan A\u011fsaqqallar \u015euras\u0131n\u0131n \u00fczvl\u0259ri 20 Yanvar faci\u0259sinin 32-ci ild\u00f6n\u00fcm\u00fc il\u0259 \u0259laq\u0259dar \u015e\u0259hidl\u0259r Xiyaban\u0131n\u0131 ziyar\u0259t edibl\u0259r. Ziyar\u0259td\u0259 i\u015ftirak ed\u0259n Az\u0259rbaycan A\u011fsaqqllar \u015euras\u0131n\u0131n s\u0259dri, mill\u0259t v\u0259kili, professor Eldar Quliyev, s\u0259drin birinci m\u00fcavini, mill\u0259t v\u0259kili, akademik \u018fhliman \u018fmiraslanov, s\u0259dr m\u00fcavinl\u0259ri \u2013 mill\u0259t v\u0259kili, professor Eldar \u0130brahimov, professor Elmira S\u00fcleymanova, Bayram Yusifov, Tahir S\u00fcleymanov, professor Vahid Novruzov, \u0130dar\u0259 Hey\u0259tinin \u00fczvl\u0259ri, mill\u0259t v\u0259kill\u0259ri Ziyad S\u0259m\u0259dzad\u0259 v\u0259 Aqiy\u0259 Nax\u00e7\u0131vanl\u0131, h\u0259m\u00e7inin Akif R\u0259fiyev, Arif H\u0259\u015fimov, Misir M\u0259rdanov, \u0130brahim Quliyev, o c\u00fcml\u0259d\u0259n t\u0259\u015fkilat\u0131n Aparat r\u0259hb\u0259ri Ramin H\u0259s\u0259nli v\u0259 dig\u0259r r\u0259smi \u015f\u0259xsl\u0259ri \u00f6lk\u0259mizin azadl\u0131\u011f\u0131, xalq\u0131m\u0131z\u0131n xo\u015fb\u0259xt g\u0259l\u0259c\u0259yi u\u011frunda m\u00fcbariz\u0259d\u0259 canlar\u0131ndan ke\u00e7mi\u015f q\u0259hr\u0259man V\u0259t\u0259n \u00f6vladlar\u0131n\u0131n unudulmaz xatir\u0259sini ehtiramla yad etmi\u015f, m\u0259zarlar\u0131 \u00fcz\u0259rin\u0259 g\u00fcl d\u0259st\u0259l\u0259ri d\u00fczm\u00fc\u015fl\u0259r. \u00a0Ziyar\u0259t zaman\u0131 20 Yanvar faci\u0259sini \u00fcmumxalq h\u00fczn g\u00fcn\u00fc olmaqla yana\u015f\u0131, h\u0259m d\u0259 xalq\u0131m\u0131z\u0131n q\u0259tiyy\u0259tli irad\u0259sinin, sars\u0131lmaz v\u0259t\u0259np\u0259rv\u0259rliyinin bariz g\u00f6st\u0259ricisi kimi d\u0259y\u0259rl\u0259ndir\u0259n Respublika A\u011fsaqqallar \u015euras\u0131n\u0131n s\u0259dri, mill\u0259t v\u0259kili Eldar Quliyev bu hadis\u0259y\u0259 Ulu \u00d6nd\u0259r Heyd\u0259r \u018fliyevin Moskvada g\u00f6st\u0259rdiyi ciddi etirazdan b\u0259hs edib v\u0259 ilk d\u0259f\u0259 Milli M\u0259clis s\u0259viyy\u0259sind\u0259 20 Yanvar faci\u0259sin\u0259 \u00dcmummili Liderin t\u0259\u015f\u0259bb\u00fcs\u00fc il\u0259 h\u00fcquqi-siyasi qiym\u0259tin verildiyini vur\u011fulay\u0131b. O qeyd edib ki, biz bu g\u00fcn qalib xalq\u0131n n\u00fcmay\u0259nd\u0259l\u0259ri kimi \u015f\u0259hidl\u0259rimizi q\u00fcrurla ziyar\u0259t edirik v\u0259 \u0259minik ki, b\u00fct\u00fcn \u015f\u0259hidl\u0259rimizin ruhu \u015fadd\u0131r, \u00e7\u00fcnki u\u011frunda canlar\u0131n\u0131 f\u0259da etdikl\u0259ri V\u0259t\u0259n torpaqlar\u0131 M\u00fcz\u0259ff\u0259r Ali Ba\u015f Komandan\u0131m\u0131z, m\u00f6ht\u0259r\u0259m Prezidentimiz c\u0259nab \u0130lham \u018fliyevin r\u0259hb\u0259rliyi alt\u0131nda \u015fanl\u0131 Az\u0259rbaycan Ordusu t\u0259r\u0259find\u0259n d\u00fc\u015fm\u0259n tapda\u011f\u0131ndan azad edilib.<\/p>\n","protected":false},"excerpt":{"rendered":"<p>Bu g\u00fcn Az\u0259rbaycan A\u011fsaqqallar \u015euras\u0131n\u0131n \u00fczvl\u0259ri 20 Yanvar faci\u0259sinin 32-ci ild\u00f6n\u00fcm\u00fc il\u0259 \u0259laq\u0259dar \u015e\u0259hidl\u0259r Xiyaban\u0131n\u0131 ziyar\u0259t edibl\u0259r. Ziyar\u0259td\u0259 i\u015ftirak ed\u0259n<\/p>\n","protected":false},"author":1,"featured_media":2573,"comment_status":"open","ping_status":"open","sticky":false,"template":"","format":"standard","meta":{"cybocfi_hide_featured_image":"yes"},"categories":[26],"tags":[],"_links":{"self":[{"href":"https:\/\/agsaqqallarsurasi.az\/ru\/wp-json\/wp\/v2\/posts\/5501"}],"collection":[{"href":"https:\/\/agsaqqallarsurasi.az\/ru\/wp-json\/wp\/v2\/posts"}],"about":[{"href":"https:\/\/agsaqqallarsurasi.az\/ru\/wp-json\/wp\/v2\/types\/post"}],"author":[{"embeddable":true,"href":"https:\/\/agsaqqallarsurasi.az\/ru\/wp-json\/wp\/v2\/users\/1"}],"replies":[{"embeddable":true,"href":"https:\/\/agsaqqallarsurasi.az\/ru\/wp-json\/wp\/v2\/comments?post=5501"}],"version-history":[{"count":0,"href":"https:\/\/agsaqqallarsurasi.az\/ru\/wp-json\/wp\/v2\/posts\/5501\/revisions"}],"wp:featuredmedia":[{"embeddable":true,"href":"https:\/\/agsaqqallarsurasi.az\/ru\/wp-json\/wp\/v2\/media\/2573"}],"wp:attachment":[{"href":"https:\/\/agsaqqallarsurasi.az\/ru\/wp-json\/wp\/v2\/media?parent=5501"}],"wp:term":[{"taxonomy":"category","embeddable":true,"href":"https:\/\/agsaqqallarsurasi.az\/ru\/wp-json\/wp\/v2\/categories?post=5501"},{"taxonomy":"post_tag","embeddable":true,"href":"https:\/\/agsaqqallarsurasi.az\/ru\/wp-json\/wp\/v2\/tags?post=5501"}],"curies":[{"name":"wp","href":"https:\/\/api.w.org\/{rel}","templated":true}]}}