{"id":5515,"date":"2021-12-13T18:34:23","date_gmt":"2021-12-13T14:34:23","guid":{"rendered":"https:\/\/agsaqqallarsurasi.az\/az%c9%99rbaycan-agsaqallar-surasinin-s%c9%99dri-mill%c9%99t-v%c9%99kili-eldar-quliyev-turkiy%c9%99y%c9%99-isguzar-s%c9%99f%c9%99r%c9%99-gedib\/"},"modified":"2021-12-13T18:34:23","modified_gmt":"2021-12-13T14:34:23","slug":"az%c9%99rbaycan-agsaqallar-surasinin-s%c9%99dri-mill%c9%99t-v%c9%99kili-eldar-quliyev-turkiy%c9%99y%c9%99-isguzar-s%c9%99f%c9%99r%c9%99-gedib","status":"publish","type":"post","link":"https:\/\/agsaqqallarsurasi.az\/ru\/az%c9%99rbaycan-agsaqallar-surasinin-s%c9%99dri-mill%c9%99t-v%c9%99kili-eldar-quliyev-turkiy%c9%99y%c9%99-isguzar-s%c9%99f%c9%99r%c9%99-gedib\/","title":{"rendered":"Az\u0259rbaycan A\u011fsaqallar \u015euras\u0131n\u0131n s\u0259dri, mill\u0259t v\u0259kili Eldar Quliyev T\u00fcrkiy\u0259y\u0259 i\u015fg\u00fczar s\u0259f\u0259r\u0259 gedib"},"content":{"rendered":"<p><img loading=\"lazy\" class=\"alignleft wp-image-583\" src=\"https:\/\/agsaqqallarsurasi.az\/wp-content\/uploads\/2022\/04\/thumbnail_333dfdb47eafb46db28f747e64cec8cf.jpg\" alt=\"\" width=\"400\" height=\"258\" srcset=\"https:\/\/agsaqqallarsurasi.az\/wp-content\/uploads\/2022\/04\/thumbnail_333dfdb47eafb46db28f747e64cec8cf.jpg 799w, https:\/\/agsaqqallarsurasi.az\/wp-content\/uploads\/2022\/04\/thumbnail_333dfdb47eafb46db28f747e64cec8cf-300x194.jpg 300w, https:\/\/agsaqqallarsurasi.az\/wp-content\/uploads\/2022\/04\/thumbnail_333dfdb47eafb46db28f747e64cec8cf-768x496.jpg 768w, https:\/\/agsaqqallarsurasi.az\/wp-content\/uploads\/2022\/04\/thumbnail_333dfdb47eafb46db28f747e64cec8cf-600x387.jpg 600w, https:\/\/agsaqqallarsurasi.az\/wp-content\/uploads\/2022\/04\/thumbnail_333dfdb47eafb46db28f747e64cec8cf-150x97.jpg 150w\" sizes=\"(max-width: 400px) 100vw, 400px\" \/>Dekabr\u0131n 13-d\u0259n Az\u0259rbaycan A\u011fsaqallar \u015euras\u0131n\u0131n s\u0259dri, mill\u0259t v\u0259kili, professor Eldar Quliyevin ba\u015f\u00e7\u0131l\u0131\u011f\u0131 il\u0259 \u015euran\u0131n r\u0259hb\u0259r \u015f\u0259xsl\u0259rind\u0259n ibar\u0259t n\u00fcmay\u0259nd\u0259 hey\u0259ti T\u00fcrk D\u00f6vl\u0259tl\u0259ri T\u0259\u015fkilat\u0131 A\u011fsaqqallar Konseyi Ba\u015fkan\u0131 Bin\u0259li Y\u0131ld\u0131r\u0131m\u0131n d\u0259v\u0259ti il\u0259 T\u00fcrkiy\u0259d\u0259 s\u0259f\u0259rd\u0259 olacaqlar.<\/p>\n<p>N\u00fcmay\u0259nd\u0259 hey\u0259tinin 13-15 dekabr tarixind\u0259 \u0130stanbulda T\u00fcrk D\u00f6vl\u0259tl\u0259ri T\u0259\u015fkilat\u0131 A\u011fsaqqallar Konseyi Ba\u015fkan\u0131 Bin\u0259li Y\u0131ld\u0131r\u0131mla, 15-17 dekabrda is\u0259 Ankarada g\u00f6r\u00fc\u015fl\u0259ri n\u0259z\u0259rd\u0259 tutulub.<\/p>\n<p>G\u00f6r\u00fc\u015fl\u0259rd\u0259 Az\u0259rbaycan A\u011fsaqqallar \u015euras\u0131 v\u0259 T\u00fcrk D\u00f6vl\u0259tl\u0259ri T\u0259\u015fkilat\u0131 A\u011fsaqqallar Konseyi aras\u0131nda t\u0259cr\u00fcb\u0259 m\u00fcbadil\u0259sinin apar\u0131lmas\u0131, ikit\u0259r\u0259fli v\u0259 \u00e7oxt\u0259r\u0259fli \u0259m\u0259kda\u015fl\u0131\u011f\u0131n d\u0259rinl\u0259\u015fdirilm\u0259si \u00fc\u00e7\u00fcn perspektiv planlar\u0131n i\u015fl\u0259nib haz\u0131rlanmas\u0131, t\u0259\u015fkilatlararas\u0131 \u0259laq\u0259l\u0259rin g\u0259l\u0259c\u0259k inki\u015faf istiqam\u0259tl\u0259ri v\u0259 dig\u0259r m\u0259s\u0259l\u0259l\u0259r \u0259traf\u0131nda fikir m\u00fcbadil\u0259si apar\u0131lacaq.<\/p>\n<p>S\u0259f\u0259r \u00e7\u0259r\u00e7iv\u0259sind\u0259, h\u0259m\u00e7inin, n\u00fcmay\u0259nd\u0259 hey\u0259ti mill\u0259t v\u0259kili M\u0259lah\u0259t \u0130brahimq\u0131z\u0131n\u0131n iki \u00f6lk\u0259 aras\u0131ndak\u0131 sars\u0131lmaz qarda\u015fl\u0131q v\u0259 \u0259b\u0259di dostlu\u011fa h\u0259sr edilmi\u015f \u201cB\u0259rab\u0259r y\u00fcr\u00fcd\u00fck biz bu yollarda\u201d kitab\u0131n\u0131n ay\u0131n 16-da T\u00fcrkiy\u0259d\u0259 ke\u00e7iril\u0259c\u0259k t\u0259qdimat m\u0259rasimind\u0259 i\u015ftirak ed\u0259c\u0259kl\u0259r.<\/p>\n","protected":false},"excerpt":{"rendered":"<p>Dekabr\u0131n 13-d\u0259n Az\u0259rbaycan A\u011fsaqallar \u015euras\u0131n\u0131n s\u0259dri, mill\u0259t v\u0259kili, professor Eldar Quliyevin ba\u015f\u00e7\u0131l\u0131\u011f\u0131 il\u0259 \u015euran\u0131n r\u0259hb\u0259r \u015f\u0259xsl\u0259rind\u0259n ibar\u0259t n\u00fcmay\u0259nd\u0259 hey\u0259ti T\u00fcrk<\/p>\n","protected":false},"author":1,"featured_media":2561,"comment_status":"open","ping_status":"open","sticky":false,"template":"","format":"standard","meta":{"cybocfi_hide_featured_image":"yes"},"categories":[26],"tags":[],"_links":{"self":[{"href":"https:\/\/agsaqqallarsurasi.az\/ru\/wp-json\/wp\/v2\/posts\/5515"}],"collection":[{"href":"https:\/\/agsaqqallarsurasi.az\/ru\/wp-json\/wp\/v2\/posts"}],"about":[{"href":"https:\/\/agsaqqallarsurasi.az\/ru\/wp-json\/wp\/v2\/types\/post"}],"author":[{"embeddable":true,"href":"https:\/\/agsaqqallarsurasi.az\/ru\/wp-json\/wp\/v2\/users\/1"}],"replies":[{"embeddable":true,"href":"https:\/\/agsaqqallarsurasi.az\/ru\/wp-json\/wp\/v2\/comments?post=5515"}],"version-history":[{"count":0,"href":"https:\/\/agsaqqallarsurasi.az\/ru\/wp-json\/wp\/v2\/posts\/5515\/revisions"}],"wp:featuredmedia":[{"embeddable":true,"href":"https:\/\/agsaqqallarsurasi.az\/ru\/wp-json\/wp\/v2\/media\/2561"}],"wp:attachment":[{"href":"https:\/\/agsaqqallarsurasi.az\/ru\/wp-json\/wp\/v2\/media?parent=5515"}],"wp:term":[{"taxonomy":"category","embeddable":true,"href":"https:\/\/agsaqqallarsurasi.az\/ru\/wp-json\/wp\/v2\/categories?post=5515"},{"taxonomy":"post_tag","embeddable":true,"href":"https:\/\/agsaqqallarsurasi.az\/ru\/wp-json\/wp\/v2\/tags?post=5515"}],"curies":[{"name":"wp","href":"https:\/\/api.w.org\/{rel}","templated":true}]}}