{"id":5524,"date":"2021-11-24T15:43:55","date_gmt":"2021-11-24T11:43:55","guid":{"rendered":"https:\/\/agsaqqallarsurasi.az\/turkiy%c9%99nin-taninmis-ictimai-siyasi-xadimi-bin%c9%99li-yildirima-t%c9%99brik-m%c9%99ktubu-unvanlandi\/"},"modified":"2021-11-24T15:43:55","modified_gmt":"2021-11-24T11:43:55","slug":"turkiy%c9%99nin-taninmis-ictimai-siyasi-xadimi-bin%c9%99li-yildirima-t%c9%99brik-m%c9%99ktubu-unvanlandi","status":"publish","type":"post","link":"https:\/\/agsaqqallarsurasi.az\/ru\/turkiy%c9%99nin-taninmis-ictimai-siyasi-xadimi-bin%c9%99li-yildirima-t%c9%99brik-m%c9%99ktubu-unvanlandi\/","title":{"rendered":"T\u00fcrkiy\u0259nin tan\u0131nm\u0131\u015f ictimai-siyasi xadimi Bin\u0259li Y\u0131ld\u0131r\u0131ma t\u0259brik m\u0259ktubu \u00fcnvanland\u0131"},"content":{"rendered":"<p><img loading=\"lazy\" class=\"alignleft wp-image-568\" src=\"https:\/\/agsaqqallarsurasi.az\/wp-content\/uploads\/2022\/04\/thumbnail_12191a4f54cd3d7df1526f89d240bf6a.png\" alt=\"\" width=\"400\" height=\"258\" srcset=\"https:\/\/agsaqqallarsurasi.az\/wp-content\/uploads\/2022\/04\/thumbnail_12191a4f54cd3d7df1526f89d240bf6a.png 799w, https:\/\/agsaqqallarsurasi.az\/wp-content\/uploads\/2022\/04\/thumbnail_12191a4f54cd3d7df1526f89d240bf6a-300x194.png 300w, https:\/\/agsaqqallarsurasi.az\/wp-content\/uploads\/2022\/04\/thumbnail_12191a4f54cd3d7df1526f89d240bf6a-768x496.png 768w, https:\/\/agsaqqallarsurasi.az\/wp-content\/uploads\/2022\/04\/thumbnail_12191a4f54cd3d7df1526f89d240bf6a-600x387.png 600w, https:\/\/agsaqqallarsurasi.az\/wp-content\/uploads\/2022\/04\/thumbnail_12191a4f54cd3d7df1526f89d240bf6a-150x97.png 150w\" sizes=\"(max-width: 400px) 100vw, 400px\" \/>Az\u0259rbaycan A\u011fsaqqallar \u015euras\u0131n\u0131n s\u0259dri Eldar Quliyev, Az\u0259rbaycan A\u011fsaqqallar \u015euras\u0131n\u0131n s\u0259drinin birinci m\u00fcavini \u018fhliman \u018fmiraslanov v\u0259 Az\u0259rbaycan A\u011fsaqqallar \u015euras\u0131n\u0131n s\u0259drinin m\u00fcavini Eldar \u0130brahimov T\u00fcrk D\u00f6vl\u0259tl\u0259ri T\u0259\u015fkilat\u0131 A\u011fsaqqallar Hey\u0259ti Ba\u015fkan\u0131 se\u00e7ilm\u0259si m\u00fcnasib\u0259til\u0259 noyabr ay\u0131n\u0131n 16-da qarda\u015f T\u00fcrkiy\u0259nin tan\u0131nm\u0131\u015f ictimai-siyasi xadimi Bin\u0259li Y\u0131ld\u0131r\u0131ma t\u0259brik m\u0259ktubu \u00fcnvanlay\u0131blar.<\/p>\n<p><img loading=\"lazy\" class=\"aligncenter wp-image-569\" src=\"https:\/\/agsaqqallarsurasi.az\/wp-content\/uploads\/2022\/04\/resize_a9012f509acefed26cb22afd8d651302.jpg\" alt=\"\" width=\"500\" height=\"706\" srcset=\"https:\/\/agsaqqallarsurasi.az\/wp-content\/uploads\/2022\/04\/resize_a9012f509acefed26cb22afd8d651302.jpg 900w, https:\/\/agsaqqallarsurasi.az\/wp-content\/uploads\/2022\/04\/resize_a9012f509acefed26cb22afd8d651302-212x300.jpg 212w, https:\/\/agsaqqallarsurasi.az\/wp-content\/uploads\/2022\/04\/resize_a9012f509acefed26cb22afd8d651302-725x1024.jpg 725w, https:\/\/agsaqqallarsurasi.az\/wp-content\/uploads\/2022\/04\/resize_a9012f509acefed26cb22afd8d651302-768x1085.jpg 768w, https:\/\/agsaqqallarsurasi.az\/wp-content\/uploads\/2022\/04\/resize_a9012f509acefed26cb22afd8d651302-600x847.jpg 600w, https:\/\/agsaqqallarsurasi.az\/wp-content\/uploads\/2022\/04\/resize_a9012f509acefed26cb22afd8d651302-150x212.jpg 150w\" sizes=\"(max-width: 500px) 100vw, 500px\" \/><\/p>\n<p><strong>T\u00fcrk D\u00f6vl\u0259tl\u0259ri T\u0259\u015fkilat\u0131 A\u011fsaqqallar Hey\u0259ti Ba\u015fkan\u0131 Bin\u0259li Y\u0131ld\u0131r\u0131m A\u011fsaqqllar \u015euras\u0131n\u0131n r\u0259hb\u0259rliyin\u0259 cavab m\u0259ktubu yaz\u0131b<\/strong><\/p>\n<p>Noyabr ay\u0131n\u0131n 19-da T\u00fcrk D\u00f6vl\u0259tl\u0259ri T\u0259\u015fkilat\u0131 A\u011fsaqqallar Hey\u0259ti Ba\u015fkan\u0131 Bin\u0259li Y\u0131ld\u0131r\u0131m c\u0259nablar\u0131 Az\u0259rbaycan A\u011fsaqqallar \u015euras\u0131n\u0131n r\u0259hb\u0259rliyi t\u0259r\u0259find\u0259n ona \u00fcnvanlanan t\u0259brik m\u0259ktubuna cavab yazaraq g\u00f6st\u0259ril\u0259n diqq\u0259t\u0259 g\u00f6r\u0259 \u00f6z d\u0259rin minn\u0259tdarl\u0131\u011f\u0131n\u0131 bildirib.<\/p>\n<p><img loading=\"lazy\" class=\"aligncenter wp-image-570\" src=\"https:\/\/agsaqqallarsurasi.az\/wp-content\/uploads\/2022\/04\/resize_6f0385fe9a2850120a2976d35fe9b9b9.jpg\" alt=\"\" width=\"500\" height=\"706\" srcset=\"https:\/\/agsaqqallarsurasi.az\/wp-content\/uploads\/2022\/04\/resize_6f0385fe9a2850120a2976d35fe9b9b9.jpg 900w, https:\/\/agsaqqallarsurasi.az\/wp-content\/uploads\/2022\/04\/resize_6f0385fe9a2850120a2976d35fe9b9b9-212x300.jpg 212w, https:\/\/agsaqqallarsurasi.az\/wp-content\/uploads\/2022\/04\/resize_6f0385fe9a2850120a2976d35fe9b9b9-725x1024.jpg 725w, https:\/\/agsaqqallarsurasi.az\/wp-content\/uploads\/2022\/04\/resize_6f0385fe9a2850120a2976d35fe9b9b9-768x1085.jpg 768w, https:\/\/agsaqqallarsurasi.az\/wp-content\/uploads\/2022\/04\/resize_6f0385fe9a2850120a2976d35fe9b9b9-600x847.jpg 600w, https:\/\/agsaqqallarsurasi.az\/wp-content\/uploads\/2022\/04\/resize_6f0385fe9a2850120a2976d35fe9b9b9-150x212.jpg 150w\" sizes=\"(max-width: 500px) 100vw, 500px\" \/><\/p>\n<p>\u018flaq\u0259l\u0259rimizin daha da g\u00fccl\u0259ndirilm\u0259si v\u0259 s\u0259m\u0259r\u0259li m\u00fcst\u0259vid\u0259 inki\u015faf etdirilm\u0259si \u00fc\u00e7\u00fcn yax\u0131n zamanlarda Az\u0259rbaycan A\u011fsaqqallar \u015euras\u0131n\u0131n s\u0259dri Eldar Quliyev v\u0259 T\u00fcrk D\u00f6vl\u0259tl\u0259ri T\u0259\u015fkilat\u0131 A\u011fsaqqallar Hey\u0259ti Ba\u015fkan\u0131 Bin\u0259li Y\u0131ld\u0131r\u0131m c\u0259nablar\u0131 qar\u015f\u0131l\u0131ql\u0131 d\u0259v\u0259t \u0259sas\u0131nda Az\u0259rbaycanda v\u0259 T\u00fcrkiy\u0259d\u0259 g\u00f6r\u00fc\u015fl\u0259r ke\u00e7ir\u0259c\u0259kl\u0259r. Bundan ba\u015fqa T\u00fcrk D\u00f6vl\u0259tl\u0259ri T\u0259\u015fkilat\u0131n\u0131n dig\u0259r \u00fczvl\u0259rinin A\u011fsaqqallar \u015euralar\u0131n\u0131n s\u0259drl\u0259ri\u00a0 il\u0259\u00a0 d\u0259 h\u0259m ayr\u0131-ayr\u0131l\u0131qda, h\u0259m d\u0259 birg\u0259 g\u00f6r\u00fc\u015fl\u0259rin ke\u00e7iril\u0259c\u0259yi planla\u015fd\u0131r\u0131l\u0131r. Bu g\u00f6r\u00fc\u015fl\u0259rd\u0259 bir s\u0131ra m\u00fch\u00fcm m\u0259s\u0259l\u0259l\u0259r m\u00fczakir\u0259 edil\u0259c\u0259k, t\u0259\u015fkilatlar\u0131n g\u0259l\u0259c\u0259k f\u0259aliyy\u0259tl\u0259ri il\u0259 ba\u011fl\u0131 konsepsiyalar haz\u0131rlanacaqd\u0131r. Davaml\u0131 t\u0259r\u0259qqiy\u0259 nail olmaq \u00fc\u00e7\u00fcn at\u0131lacaq add\u0131mlar \u00fcmumi i\u015fbirliyi il\u0259 daha m\u00fcsb\u0259t istiqam\u0259td\u0259 y\u00f6nl\u0259ndiril\u0259c\u0259kdir. Ke\u00e7iril\u0259c\u0259k g\u00f6r\u00fc\u015fl\u0259r bar\u0259d\u0259 \u0259lav\u0259 m\u0259lumat veril\u0259c\u0259kdir.<\/p>\n","protected":false},"excerpt":{"rendered":"<p>Az\u0259rbaycan A\u011fsaqqallar \u015euras\u0131n\u0131n s\u0259dri Eldar Quliyev, Az\u0259rbaycan A\u011fsaqqallar \u015euras\u0131n\u0131n s\u0259drinin birinci m\u00fcavini \u018fhliman \u018fmiraslanov v\u0259 Az\u0259rbaycan A\u011fsaqqallar \u015euras\u0131n\u0131n s\u0259drinin m\u00fcavini<\/p>\n","protected":false},"author":1,"featured_media":2547,"comment_status":"open","ping_status":"open","sticky":false,"template":"","format":"standard","meta":{"cybocfi_hide_featured_image":"yes"},"categories":[26],"tags":[],"_links":{"self":[{"href":"https:\/\/agsaqqallarsurasi.az\/ru\/wp-json\/wp\/v2\/posts\/5524"}],"collection":[{"href":"https:\/\/agsaqqallarsurasi.az\/ru\/wp-json\/wp\/v2\/posts"}],"about":[{"href":"https:\/\/agsaqqallarsurasi.az\/ru\/wp-json\/wp\/v2\/types\/post"}],"author":[{"embeddable":true,"href":"https:\/\/agsaqqallarsurasi.az\/ru\/wp-json\/wp\/v2\/users\/1"}],"replies":[{"embeddable":true,"href":"https:\/\/agsaqqallarsurasi.az\/ru\/wp-json\/wp\/v2\/comments?post=5524"}],"version-history":[{"count":0,"href":"https:\/\/agsaqqallarsurasi.az\/ru\/wp-json\/wp\/v2\/posts\/5524\/revisions"}],"wp:featuredmedia":[{"embeddable":true,"href":"https:\/\/agsaqqallarsurasi.az\/ru\/wp-json\/wp\/v2\/media\/2547"}],"wp:attachment":[{"href":"https:\/\/agsaqqallarsurasi.az\/ru\/wp-json\/wp\/v2\/media?parent=5524"}],"wp:term":[{"taxonomy":"category","embeddable":true,"href":"https:\/\/agsaqqallarsurasi.az\/ru\/wp-json\/wp\/v2\/categories?post=5524"},{"taxonomy":"post_tag","embeddable":true,"href":"https:\/\/agsaqqallarsurasi.az\/ru\/wp-json\/wp\/v2\/tags?post=5524"}],"curies":[{"name":"wp","href":"https:\/\/api.w.org\/{rel}","templated":true}]}}