{"id":5533,"date":"2021-11-04T23:01:13","date_gmt":"2021-11-04T19:01:13","guid":{"rendered":"https:\/\/agsaqqallarsurasi.az\/kamran-imanov-75\/"},"modified":"2021-11-04T23:01:13","modified_gmt":"2021-11-04T19:01:13","slug":"kamran-imanov-75","status":"publish","type":"post","link":"https:\/\/agsaqqallarsurasi.az\/ru\/kamran-imanov-75\/","title":{"rendered":"Kamran \u0130manov \u2013 75"},"content":{"rendered":"<p><img loading=\"lazy\" class=\"alignleft wp-image-556\" src=\"https:\/\/agsaqqallarsurasi.az\/wp-content\/uploads\/2022\/04\/thumbnail_5897545a94f8cc3d9c08d8822054eb2c.jpg\" alt=\"\" width=\"400\" height=\"258\" srcset=\"https:\/\/agsaqqallarsurasi.az\/wp-content\/uploads\/2022\/04\/thumbnail_5897545a94f8cc3d9c08d8822054eb2c.jpg 799w, https:\/\/agsaqqallarsurasi.az\/wp-content\/uploads\/2022\/04\/thumbnail_5897545a94f8cc3d9c08d8822054eb2c-300x194.jpg 300w, https:\/\/agsaqqallarsurasi.az\/wp-content\/uploads\/2022\/04\/thumbnail_5897545a94f8cc3d9c08d8822054eb2c-768x496.jpg 768w, https:\/\/agsaqqallarsurasi.az\/wp-content\/uploads\/2022\/04\/thumbnail_5897545a94f8cc3d9c08d8822054eb2c-600x387.jpg 600w, https:\/\/agsaqqallarsurasi.az\/wp-content\/uploads\/2022\/04\/thumbnail_5897545a94f8cc3d9c08d8822054eb2c-150x97.jpg 150w\" sizes=\"(max-width: 400px) 100vw, 400px\" \/>Noyabr ay\u0131n\u0131n 5-d\u0259 Az\u0259rbaycan A\u011fsaqqallar \u015euras\u0131n\u0131n \u0130dar\u0259 Hey\u0259tinin \u00fczv\u00fc, \u018fqli M\u00fclkiyy\u0259t Agentliyinin \u0130dar\u0259 Hey\u0259tinin s\u0259dri, professor Kamran \u0130manovun 75 ya\u015f\u0131 tamam olur. \u015e\u0259r\u0259f v\u0259 vicdanla ya\u015fad\u0131\u011f\u0131 \u00f6mr\u00fcn\u00fcn m\u00fcdriklik zirv\u0259sind\u0259 olan Kamran \u0130manov Az\u0259rbaycan Respublikas\u0131n\u0131n Prezidenti c\u0259nab \u0130lham \u018fliyev t\u0259r\u0259find\u0259n d\u00f6vl\u0259t qullu\u011funda uzunm\u00fcdd\u0259tli s\u0259m\u0259r\u0259li f\u0259aliyy\u0259tin\u0259 g\u00f6r\u0259 1-ci d\u0259r\u0259c\u0259li \u201cV\u0259t\u0259n\u0259 xidm\u0259t\u0259 g\u00f6r\u0259\u201d ordeni il\u0259 t\u0259ltif edilib. Kamran m\u00fc\u0259llim h\u0259r zaman d\u00f6vl\u0259t ba\u015f\u00e7\u0131s\u0131 c\u0259nab \u0130lham \u018fliyevin u\u011furlu v\u0259 q\u0259tiyy\u0259tli siyas\u0259tini d\u0259st\u0259kl\u0259y\u0259r\u0259k \u00f6lk\u0259mizin elmi, ictimai v\u0259 sosial-iqtisadi h\u0259yat\u0131nda yax\u0131ndan i\u015ftirak\u0131 il\u0259 xalq\u0131m\u0131za b\u00f6y\u00fck xidm\u0259tl\u0259r g\u00f6st\u0259rib. Respublika A\u011fsaqqallar \u015euras\u0131n\u0131n \u0130dar\u0259 Hey\u0259tinin \u00fczv\u00fc olaraq m\u00fcdrik bir a\u011fsaqqal, d\u0259y\u0259rli bir ziyal\u0131 kimi m\u00fcst\u0259qil Az\u0259rbaycan d\u00f6vl\u0259t\u00e7iliyinin inki\u015faf\u0131na, c\u0259miyy\u0259timizin, x\u00fcsusil\u0259 d\u0259 g\u0259nc n\u0259slin v\u0259t\u0259np\u0259rv\u0259rlik v\u0259 milli ad\u0259t-\u0259n\u0259n\u0259l\u0259r\u0259, az\u0259rbaycan\u00e7\u0131l\u0131q m\u0259fkur\u0259sin\u0259 ba\u011fl\u0131l\u0131q ruhunda t\u0259rbiy\u0259si i\u015fin\u0259 d\u0259y\u0259rli t\u00f6hf\u0259l\u0259r verib. \u018fminik\u00a0 ki, bundan sonra da V\u0259t\u0259nimizin t\u0259r\u0259qqisi namin\u0259 var q\u00fcvv\u0259si il\u0259 \u00e7al\u0131\u015facaq, qar\u015f\u0131ya qoyulan ali m\u0259qs\u0259dl\u0259r\u0259 \u00e7atmaq \u00fc\u00e7\u00fcn \u0259lind\u0259n g\u0259l\u0259ni \u0259sirg\u0259m\u0259y\u0259c\u0259kdir.<\/p>\n<p>Kamran m\u00fc\u0259llimi 75 illik yubileyi v\u0259 1-ci d\u0259r\u0259c\u0259li \u201cV\u0259t\u0259n\u0259 xidm\u0259t\u0259 g\u00f6r\u0259\u201d ordeni il\u0259 t\u0259ltif edilm\u0259yi m\u00fcnasib\u0259til\u0259 \u00fcr\u0259kd\u0259n t\u0259brik edir, Ona uzun \u00f6m\u00fcr, m\u00f6hk\u0259m cansa\u011fl\u0131\u011f\u0131, Az\u0259rbaycan\u0131m\u0131z\u0131n inki\u015faf\u0131 namin\u0259\u00a0g\u00f6rd\u00fcy\u00fcn\u00fcz\u00a0b\u00fct\u00fcn i\u015fl\u0259rd\u0259 u\u011furlar arzulay\u0131r\u0131q!<\/p>\n<p><strong>D\u0259rin h\u00f6rm\u0259t v\u0259 s\u0259mimiyy\u0259tl\u0259,<\/strong><\/p>\n<p><strong>Az\u0259rbaycan A\u011fsaqqallar \u015euras\u0131n\u0131n \u0130dar\u0259 Hey\u0259tinin<\/strong><\/p>\n<p><strong>\u00fczvl\u0259ri ad\u0131ndan \u015euran\u0131n s\u0259dri, mill\u0259t v\u0259kili, professor\u00a0\u00a0\u00a0\u00a0\u00a0\u00a0\u00a0\u00a0\u00a0\u00a0\u00a0 Eldar QUL\u0130YEV<\/strong><\/p>\n","protected":false},"excerpt":{"rendered":"<p>Noyabr ay\u0131n\u0131n 5-d\u0259 Az\u0259rbaycan A\u011fsaqqallar \u015euras\u0131n\u0131n \u0130dar\u0259 Hey\u0259tinin \u00fczv\u00fc, \u018fqli M\u00fclkiyy\u0259t Agentliyinin \u0130dar\u0259 Hey\u0259tinin s\u0259dri, professor Kamran \u0130manovun 75 ya\u015f\u0131<\/p>\n","protected":false},"author":1,"featured_media":2539,"comment_status":"open","ping_status":"open","sticky":false,"template":"","format":"standard","meta":{"cybocfi_hide_featured_image":"yes"},"categories":[26],"tags":[],"_links":{"self":[{"href":"https:\/\/agsaqqallarsurasi.az\/ru\/wp-json\/wp\/v2\/posts\/5533"}],"collection":[{"href":"https:\/\/agsaqqallarsurasi.az\/ru\/wp-json\/wp\/v2\/posts"}],"about":[{"href":"https:\/\/agsaqqallarsurasi.az\/ru\/wp-json\/wp\/v2\/types\/post"}],"author":[{"embeddable":true,"href":"https:\/\/agsaqqallarsurasi.az\/ru\/wp-json\/wp\/v2\/users\/1"}],"replies":[{"embeddable":true,"href":"https:\/\/agsaqqallarsurasi.az\/ru\/wp-json\/wp\/v2\/comments?post=5533"}],"version-history":[{"count":0,"href":"https:\/\/agsaqqallarsurasi.az\/ru\/wp-json\/wp\/v2\/posts\/5533\/revisions"}],"wp:featuredmedia":[{"embeddable":true,"href":"https:\/\/agsaqqallarsurasi.az\/ru\/wp-json\/wp\/v2\/media\/2539"}],"wp:attachment":[{"href":"https:\/\/agsaqqallarsurasi.az\/ru\/wp-json\/wp\/v2\/media?parent=5533"}],"wp:term":[{"taxonomy":"category","embeddable":true,"href":"https:\/\/agsaqqallarsurasi.az\/ru\/wp-json\/wp\/v2\/categories?post=5533"},{"taxonomy":"post_tag","embeddable":true,"href":"https:\/\/agsaqqallarsurasi.az\/ru\/wp-json\/wp\/v2\/tags?post=5533"}],"curies":[{"name":"wp","href":"https:\/\/api.w.org\/{rel}","templated":true}]}}