{"id":5556,"date":"2021-08-04T13:33:47","date_gmt":"2021-08-04T09:33:47","guid":{"rendered":"https:\/\/agsaqqallarsurasi.az\/az%c9%99rbaycan-agsaqqallar-surasinin-s%c9%99dri-uncopa-nin-korifey-ordeni-il%c9%99-t%c9%99ltif-olunub\/"},"modified":"2021-08-04T13:33:47","modified_gmt":"2021-08-04T09:33:47","slug":"az%c9%99rbaycan-agsaqqallar-surasinin-s%c9%99dri-uncopa-nin-korifey-ordeni-il%c9%99-t%c9%99ltif-olunub","status":"publish","type":"post","link":"https:\/\/agsaqqallarsurasi.az\/ru\/az%c9%99rbaycan-agsaqqallar-surasinin-s%c9%99dri-uncopa-nin-korifey-ordeni-il%c9%99-t%c9%99ltif-olunub\/","title":{"rendered":"Az\u0259rbaycan A\u011fsaqqallar \u015euras\u0131n\u0131n s\u0259dri UNCOPA-n\u0131n \u201cKOR\u0130FEY\u201d ordeni il\u0259 t\u0259ltif olunub"},"content":{"rendered":"<p><img loading=\"lazy\" class=\"alignleft wp-image-511\" src=\"https:\/\/agsaqqallarsurasi.az\/wp-content\/uploads\/2022\/04\/thumbnail_4025093f004824147e158396d999cd05.jpg\" alt=\"\" width=\"400\" height=\"258\" srcset=\"https:\/\/agsaqqallarsurasi.az\/wp-content\/uploads\/2022\/04\/thumbnail_4025093f004824147e158396d999cd05.jpg 799w, https:\/\/agsaqqallarsurasi.az\/wp-content\/uploads\/2022\/04\/thumbnail_4025093f004824147e158396d999cd05-300x194.jpg 300w, https:\/\/agsaqqallarsurasi.az\/wp-content\/uploads\/2022\/04\/thumbnail_4025093f004824147e158396d999cd05-768x496.jpg 768w, https:\/\/agsaqqallarsurasi.az\/wp-content\/uploads\/2022\/04\/thumbnail_4025093f004824147e158396d999cd05-600x387.jpg 600w, https:\/\/agsaqqallarsurasi.az\/wp-content\/uploads\/2022\/04\/thumbnail_4025093f004824147e158396d999cd05-150x97.jpg 150w\" sizes=\"(max-width: 400px) 100vw, 400px\" \/>Bak\u0131, 3 avqust,\u00a0AZ\u018fRTAC<\/p>\n<p>Az\u0259rbaycan A\u011fsaqqallar \u015euras\u0131n\u0131n s\u0259dri, Milli M\u0259clisin deputat\u0131, professor Eldar Quliyevin \u201cQlobal qida t\u0259hl\u00fck\u0259sizliyi: h\u0259qiq\u0259tl\u0259r, \u00e7a\u011f\u0131r\u0131\u015flar v\u0259 perspektivl\u0259r\u201d (\u201cGlobal food security: realities, callings and perspectives\u201d) kitab\u0131 Avropa T\u0259bi\u0259t Elml\u0259ri Akademiyas\u0131n\u0131n q\u0259rar\u0131 il\u0259 Almaniyada n\u0259\u015fr olunub v\u0259 Birl\u0259\u015fmi\u015f Mill\u0259tl\u0259r Kitabxanas\u0131na daxil edilib.<\/p>\n<p>AZ\u018fRTAC\u00a0x\u0259b\u0259r verir ki, \u0130sve\u00e7r\u0259nin Cenevr\u0259 \u015f\u0259h\u0259rind\u0259 f\u0259aliyy\u0259t g\u00f6st\u0259r\u0259n \u201cUN Council for Public Awards\u201d (UNCOPA) t\u0259\u015fkilat\u0131 professor Eldar Quliyevin kitab\u0131n\u0131 da\u015f\u0131d\u0131\u011f\u0131 m\u00fch\u00fcm elmi d\u0259y\u0259r\u0259 g\u00f6r\u0259, h\u0259m\u00e7inin onu BMT-nin elm v\u0259 s\u00fclh s\u0259firi kimi 70 illik yubileyi m\u00fcnasib\u0259til\u0259 \u201cKOR\u0130FEY\u201d ordenin\u0259 layiq g\u00f6r\u00fcb.<\/p>\n<p>Bu g\u00fcn Az\u0259rbaycan A\u011fsaqqallar \u015euras\u0131nda UNCOPA t\u0259\u015fkilat\u0131n\u0131n prezidenti professor M.Guzel t\u0259r\u0259find\u0259n ordenin t\u0259qdimat\u0131 h\u0259yata ke\u00e7irilib. T\u0259\u015fkilat\u0131n r\u0259hb\u0259ri Az\u0259rbaycanda ilk olaraq Eldar Quliyevin \u201cKOR\u0130FEY\u201d ordeni il\u0259 t\u0259ltif olundu\u011funu m\u0259mnunluq hissi il\u0259 bildir\u0259r\u0259k ona g\u0259l\u0259c\u0259k f\u0259aliyy\u0259tind\u0259 u\u011furlar arzulay\u0131b.<\/p>\n<p>Az\u0259rbaycan A\u011fsaqqallar \u015euras\u0131n\u0131n s\u0259dri, Milli M\u0259clisin deputat\u0131 professor Eldar Quliyev d\u0259 \u00f6z n\u00f6vb\u0259sind\u0259 onun \u0259m\u0259yini y\u00fcks\u0259k qiym\u0259tl\u0259ndir\u0259n UNCOPA t\u0259\u015fkilat\u0131n\u0131n prezidentin\u0259 minn\u0259tdarl\u0131\u011f\u0131n\u0131 ifad\u0259 ed\u0259r\u0259k, ulu \u00f6nd\u0259r Heyd\u0259r \u018fliyevin layiqli davam\u00e7\u0131s\u0131, Az\u0259rbaycan Respublikas\u0131n\u0131n Prezidenti \u0130lham \u018fliyevin r\u0259hb\u0259rliyi alt\u0131nda g\u00fcnd\u0259n-g\u00fcn\u0259 inki\u015faf ed\u0259n \u00f6lk\u0259mizin \u00e7i\u00e7\u0259kl\u0259nm\u0259si namin\u0259 bundan sonra da bir alim v\u0259 ictimai-siyasi xadim kimi var q\u00fcvv\u0259si il\u0259 \u00e7al\u0131\u015faca\u011f\u0131n\u0131 vur\u011fulay\u0131b.<\/p>\n<p>Qeyd ed\u0259k ki, kitab\u0131n d\u00fcnyada \u0259rzaq t\u0259hl\u00fck\u0259sizliyind\u0259 b\u00f6y\u00fck \u00f6n\u0259mi v\u0259 populyarl\u0131\u011f\u0131 n\u0259z\u0259r\u0259 al\u0131naraq bir ne\u00e7\u0259 dil\u0259 t\u0259rc\u00fcm\u0259 edilib v\u0259 Almaniya, \u0130taliya, \u0130sve\u00e7r\u0259, Rusiya, T\u00fcrkiy\u0259 v\u0259 dig\u0259r \u00f6lk\u0259l\u0259rin qida t\u0259hl\u00fck\u0259sizliyi ara\u015fd\u0131rmalar\u0131nda istifad\u0259 olunub.<\/p>\n","protected":false},"excerpt":{"rendered":"<p>Bak\u0131, 3 avqust,\u00a0AZ\u018fRTAC Az\u0259rbaycan A\u011fsaqqallar \u015euras\u0131n\u0131n s\u0259dri, Milli M\u0259clisin deputat\u0131, professor Eldar Quliyevin \u201cQlobal qida t\u0259hl\u00fck\u0259sizliyi: h\u0259qiq\u0259tl\u0259r, \u00e7a\u011f\u0131r\u0131\u015flar v\u0259 perspektivl\u0259r\u201d<\/p>\n","protected":false},"author":1,"featured_media":2509,"comment_status":"open","ping_status":"open","sticky":false,"template":"","format":"standard","meta":{"cybocfi_hide_featured_image":"yes"},"categories":[26],"tags":[],"_links":{"self":[{"href":"https:\/\/agsaqqallarsurasi.az\/ru\/wp-json\/wp\/v2\/posts\/5556"}],"collection":[{"href":"https:\/\/agsaqqallarsurasi.az\/ru\/wp-json\/wp\/v2\/posts"}],"about":[{"href":"https:\/\/agsaqqallarsurasi.az\/ru\/wp-json\/wp\/v2\/types\/post"}],"author":[{"embeddable":true,"href":"https:\/\/agsaqqallarsurasi.az\/ru\/wp-json\/wp\/v2\/users\/1"}],"replies":[{"embeddable":true,"href":"https:\/\/agsaqqallarsurasi.az\/ru\/wp-json\/wp\/v2\/comments?post=5556"}],"version-history":[{"count":0,"href":"https:\/\/agsaqqallarsurasi.az\/ru\/wp-json\/wp\/v2\/posts\/5556\/revisions"}],"wp:featuredmedia":[{"embeddable":true,"href":"https:\/\/agsaqqallarsurasi.az\/ru\/wp-json\/wp\/v2\/media\/2509"}],"wp:attachment":[{"href":"https:\/\/agsaqqallarsurasi.az\/ru\/wp-json\/wp\/v2\/media?parent=5556"}],"wp:term":[{"taxonomy":"category","embeddable":true,"href":"https:\/\/agsaqqallarsurasi.az\/ru\/wp-json\/wp\/v2\/categories?post=5556"},{"taxonomy":"post_tag","embeddable":true,"href":"https:\/\/agsaqqallarsurasi.az\/ru\/wp-json\/wp\/v2\/tags?post=5556"}],"curies":[{"name":"wp","href":"https:\/\/api.w.org\/{rel}","templated":true}]}}