{"id":5566,"date":"2021-08-02T18:26:48","date_gmt":"2021-08-02T14:26:48","guid":{"rendered":"https:\/\/agsaqqallarsurasi.az\/ucar-agsaqqallari-bundan-sonra-da-olk%c9%99mizin-inkisafi-xalqimizin-rifahi-namin%c9%99-yorulmadan-f%c9%99aliyy%c9%99t-gost%c9%99r%c9%99c%c9%99kl%c9%99r\/"},"modified":"2021-08-02T18:26:48","modified_gmt":"2021-08-02T14:26:48","slug":"ucar-agsaqqallari-bundan-sonra-da-olk%c9%99mizin-inkisafi-xalqimizin-rifahi-namin%c9%99-yorulmadan-f%c9%99aliyy%c9%99t-gost%c9%99r%c9%99c%c9%99kl%c9%99r","status":"publish","type":"post","link":"https:\/\/agsaqqallarsurasi.az\/ru\/ucar-agsaqqallari-bundan-sonra-da-olk%c9%99mizin-inkisafi-xalqimizin-rifahi-namin%c9%99-yorulmadan-f%c9%99aliyy%c9%99t-gost%c9%99r%c9%99c%c9%99kl%c9%99r\/","title":{"rendered":"Ucar a\u011fsaqqallar\u0131 bundan sonra da \u00f6lk\u0259mizin inki\u015faf\u0131, xalq\u0131m\u0131z\u0131n rifah\u0131 namin\u0259 yorulmadan f\u0259aliyy\u0259t g\u00f6st\u0259r\u0259c\u0259kl\u0259r"},"content":{"rendered":"<p><img loading=\"lazy\" class=\"alignleft wp-image-499\" src=\"https:\/\/agsaqqallarsurasi.az\/wp-content\/uploads\/2022\/04\/thumbnail_ede3f23fbcde3635642c66d7b4277374.jpg\" alt=\"\" width=\"400\" height=\"258\" srcset=\"https:\/\/agsaqqallarsurasi.az\/wp-content\/uploads\/2022\/04\/thumbnail_ede3f23fbcde3635642c66d7b4277374.jpg 799w, https:\/\/agsaqqallarsurasi.az\/wp-content\/uploads\/2022\/04\/thumbnail_ede3f23fbcde3635642c66d7b4277374-300x194.jpg 300w, https:\/\/agsaqqallarsurasi.az\/wp-content\/uploads\/2022\/04\/thumbnail_ede3f23fbcde3635642c66d7b4277374-768x496.jpg 768w, https:\/\/agsaqqallarsurasi.az\/wp-content\/uploads\/2022\/04\/thumbnail_ede3f23fbcde3635642c66d7b4277374-600x387.jpg 600w, https:\/\/agsaqqallarsurasi.az\/wp-content\/uploads\/2022\/04\/thumbnail_ede3f23fbcde3635642c66d7b4277374-150x97.jpg 150w\" sizes=\"(max-width: 400px) 100vw, 400px\" \/>Ucarda pandemiya il\u0259 \u0259laq\u0259dar karantin rejiminin qaydalar\u0131na uy\u011fun \u015f\u0259kild\u0259 Rayon A\u011fsaqqallar \u015euras\u0131n\u0131n konfrans\u0131 ke\u00e7irilib. T\u0259dbird\u0259 Az\u0259rbaycan A\u011fsaqqallar \u015euras\u0131n\u0131n s\u0259dr m\u00fcavini, professor Vahid Novruzov, Ucar Rayon \u0130cra Hakimiyy\u0259tinin ba\u015f\u00e7\u0131s\u0131 M\u0259nsur M\u0259mm\u0259dov, rayon a\u011fsaqqallar\u0131 v\u0259 ziyal\u0131lar\u0131 i\u015ftirak edibl\u0259r.<\/p>\n<p>Konfrans i\u015ftirak\u00e7\u0131lar\u0131 \u0259vv\u0259lc\u0259 \u00fcmummilli lider Heyd\u0259r \u018fliyevin abid\u0259sini ziyar\u0259t ed\u0259r\u0259k \u00f6n\u00fcn\u0259 g\u00fcl d\u0259st\u0259l\u0259ri qoyublar, dahi r\u0259hb\u0259rin xatir\u0259sini ehtiramla yad edibl\u0259r. Sonra Heyd\u0259r \u018fliyev M\u0259rk\u0259zind\u0259 ke\u00e7iril\u0259n toplant\u0131da v\u0259fat etmi\u015f a\u011fsaqqallar\u0131n v\u0259 \u015f\u0259hidl\u0259rimizin xatir\u0259si bir d\u0259qiq\u0259lik s\u00fckutla an\u0131l\u0131b.<\/p>\n<p>Konfransda Az\u0259rbaycan A\u011fsaqqallar \u015euras\u0131n\u0131n s\u0259dr m\u00fcavini, professor Vahid Novruzov \u00e7\u0131x\u0131\u015f ed\u0259r\u0259k \u015euran\u0131n s\u0259dri, mill\u0259t v\u0259kili Eldar Quliyevin salamlar\u0131n\u0131 t\u0259dbir i\u015ftirak\u00e7\u0131lar\u0131na \u00e7atd\u0131r\u0131b. Sonra respublika a\u011fsaqqallar\u0131na g\u00f6st\u0259ril\u0259n diqq\u0259t v\u0259 qay\u011f\u0131dan, qar\u015f\u0131da duran v\u0259zif\u0259l\u0259rd\u0259n dan\u0131\u015fan natiq Az\u0259rbaycan Respublikas\u0131n\u0131n Prezidenti c\u0259nab \u0130lham \u018fliyevin h\u0259yata ke\u00e7irdiyi u\u011furlu daxili v\u0259 xarici siyas\u0259td\u0259n, y\u00fcks\u0259k s\u0259viyy\u0259li ordu quruculu\u011fundan, \u00f6lk\u0259mizd\u0259ki dayan\u0131ql\u0131 t\u0259r\u0259qqi prosesind\u0259n v\u0259 dig\u0259r aktual m\u0259s\u0259l\u0259l\u0259rd\u0259n b\u0259hs edib. Konfrans\u0131n f\u0259aliyy\u0259tin\u0259 u\u011furlar arzulayan Vahid Novruzov \u0259min oldu\u011funu bildirib ki, Ucar Rayon A\u011fsaqqallar \u015euras\u0131nda t\u0259msil olunan a\u011fsaqqallar\u0131n, ziyal\u0131lar\u0131n d\u0259st\u0259yi il\u0259 t\u0259\u015fkilat\u0131n f\u0259aliyy\u0259ti v\u0259 n\u00fcfuzu daha da y\u00fcks\u0259l\u0259c\u0259k.<\/p>\n<p>Sonra konfransda t\u0259\u015fkilati m\u0259s\u0259l\u0259l\u0259r m\u00fczakir\u0259 olunub, rayon A\u011fsaqqallar \u015euras\u0131n\u0131n yeni \u018fsasnam\u0259si q\u0259bul edilib. A\u011famal\u0131yev Mirzal\u0131 Qurban o\u011flu yenid\u0259n Ucar Rayon A\u011fsaqqallar \u015euras\u0131n\u0131n s\u0259dri se\u00e7ilib. H\u0259m\u00e7inin \u015euran\u0131n 9 n\u0259f\u0259rd\u0259n ibar\u0259t \u0130dar\u0259 Hey\u0259ti, 3 n\u0259f\u0259rd\u0259n ibar\u0259t T\u0259fti\u015f Komissiyas\u0131 formala\u015fd\u0131r\u0131l\u0131b.<\/p>\n<p>Ucar Rayon A\u011fsaqqallar \u015euras\u0131n\u0131n s\u0259dri Mirzal\u0131 A\u011famal\u0131yev ona v\u0259 hey\u0259t \u00fczvl\u0259rin\u0259 g\u00f6st\u0259ril\u0259n y\u00fcks\u0259k etimada g\u00f6r\u0259 \u00f6z minn\u0259tdarl\u0131\u011f\u0131n\u0131 bildirib. T\u0259\u015fkilat\u0131n daha u\u011furla f\u0259aliyy\u0259t g\u00f6st\u0259rm\u0259si \u00fc\u00e7\u00fcn \u0259ll\u0259rind\u0259n g\u0259l\u0259ni \u0259sirg\u0259m\u0259y\u0259c\u0259kl\u0259rin\u0259 s\u00f6z ver\u0259n s\u0259dr vur\u011fulay\u0131b ki, Ucar a\u011fsaqqallar\u0131 bundan sonra da \u00f6lk\u0259mizin inki\u015faf\u0131, xalq\u0131m\u0131z\u0131n rifah\u0131 namin\u0259 yorulmadan f\u0259aliyy\u0259t g\u00f6st\u0259r\u0259c\u0259kl\u0259r.<\/p>\n<p>Daha sonra Ucar Rayon \u0130cra Hakimiyy\u0259tinin ba\u015f\u00e7\u0131s\u0131 M\u0259nsur M\u0259mm\u0259dov \u00e7\u0131x\u0131\u015f ed\u0259r\u0259k \u00f6lk\u0259nin, o c\u00fcml\u0259d\u0259n d\u0259 Ucar rayonunun ictimai-m\u0259d\u0259ni h\u0259yat\u0131nda a\u011fsaqqallar\u0131n da\u015f\u0131d\u0131\u011f\u0131 \u0259h\u0259miyy\u0259tli roldan v\u0259 onlar\u0131n n\u00fcfuzundan b\u0259hs edib. Vur\u011fulan\u0131b ki, Az\u0259rbaycan Respublikas\u0131n\u0131n Prezidenti c\u0259nab \u0130lham \u018fliyev t\u0259r\u0259find\u0259n \u00f6lk\u0259mizd\u0259 ya\u015fl\u0131 n\u0259slin n\u00fcmay\u0259nd\u0259l\u0259rin\u0259 h\u0259r zaman y\u00fcks\u0259k d\u00f6vl\u0259t qay\u011f\u0131s\u0131 g\u00f6st\u0259rilib. \u0130cra ba\u015f\u00e7\u0131s\u0131 Ucar Rayon A\u011fsaqqallar \u015euras\u0131n\u0131n yeni t\u0259rkibin\u0259 u\u011furlar arzulayaraq, onlar\u0131n \u00fcz\u0259rin\u0259 d\u00fc\u015f\u0259n v\u0259zif\u0259l\u0259rin h\u0259yata ke\u00e7irilm\u0259sind\u0259, x\u00fcsusil\u0259 d\u0259 g\u0259ncl\u0259rin xalqa, d\u00f6vl\u0259t\u0259 ba\u011fl\u0131l\u0131q, v\u0259t\u0259np\u0259rv\u0259rlik ruhunda t\u0259rbiy\u0259si i\u015find\u0259 daha f\u0259al i\u015ftirak ed\u0259c\u0259kl\u0259rin\u0259 \u0259min oldu\u011funu bildirib.<\/p>\n","protected":false},"excerpt":{"rendered":"<p>Ucarda pandemiya il\u0259 \u0259laq\u0259dar karantin rejiminin qaydalar\u0131na uy\u011fun \u015f\u0259kild\u0259 Rayon A\u011fsaqqallar \u015euras\u0131n\u0131n konfrans\u0131 ke\u00e7irilib. T\u0259dbird\u0259 Az\u0259rbaycan A\u011fsaqqallar \u015euras\u0131n\u0131n s\u0259dr m\u00fcavini,<\/p>\n","protected":false},"author":1,"featured_media":2501,"comment_status":"open","ping_status":"open","sticky":false,"template":"","format":"standard","meta":{"cybocfi_hide_featured_image":"yes"},"categories":[26],"tags":[],"_links":{"self":[{"href":"https:\/\/agsaqqallarsurasi.az\/ru\/wp-json\/wp\/v2\/posts\/5566"}],"collection":[{"href":"https:\/\/agsaqqallarsurasi.az\/ru\/wp-json\/wp\/v2\/posts"}],"about":[{"href":"https:\/\/agsaqqallarsurasi.az\/ru\/wp-json\/wp\/v2\/types\/post"}],"author":[{"embeddable":true,"href":"https:\/\/agsaqqallarsurasi.az\/ru\/wp-json\/wp\/v2\/users\/1"}],"replies":[{"embeddable":true,"href":"https:\/\/agsaqqallarsurasi.az\/ru\/wp-json\/wp\/v2\/comments?post=5566"}],"version-history":[{"count":0,"href":"https:\/\/agsaqqallarsurasi.az\/ru\/wp-json\/wp\/v2\/posts\/5566\/revisions"}],"wp:featuredmedia":[{"embeddable":true,"href":"https:\/\/agsaqqallarsurasi.az\/ru\/wp-json\/wp\/v2\/media\/2501"}],"wp:attachment":[{"href":"https:\/\/agsaqqallarsurasi.az\/ru\/wp-json\/wp\/v2\/media?parent=5566"}],"wp:term":[{"taxonomy":"category","embeddable":true,"href":"https:\/\/agsaqqallarsurasi.az\/ru\/wp-json\/wp\/v2\/categories?post=5566"},{"taxonomy":"post_tag","embeddable":true,"href":"https:\/\/agsaqqallarsurasi.az\/ru\/wp-json\/wp\/v2\/tags?post=5566"}],"curies":[{"name":"wp","href":"https:\/\/api.w.org\/{rel}","templated":true}]}}