{"id":5570,"date":"2021-08-02T18:24:33","date_gmt":"2021-08-02T14:24:33","guid":{"rendered":"https:\/\/agsaqqallarsurasi.az\/prezident-ilham-%c9%99liyevin-r%c9%99hb%c9%99rliyi-dovrund%c9%99-idmanin-inkisafi-dovl%c9%99t-siyas%c9%99tinin-prioritet-istiqam%c9%99tl%c9%99rind%c9%99n-birin%c9%99-cevrilib\/"},"modified":"2021-08-02T18:24:33","modified_gmt":"2021-08-02T14:24:33","slug":"prezident-ilham-%c9%99liyevin-r%c9%99hb%c9%99rliyi-dovrund%c9%99-idmanin-inkisafi-dovl%c9%99t-siyas%c9%99tinin-prioritet-istiqam%c9%99tl%c9%99rind%c9%99n-birin%c9%99-cevrilib","status":"publish","type":"post","link":"https:\/\/agsaqqallarsurasi.az\/ru\/prezident-ilham-%c9%99liyevin-r%c9%99hb%c9%99rliyi-dovrund%c9%99-idmanin-inkisafi-dovl%c9%99t-siyas%c9%99tinin-prioritet-istiqam%c9%99tl%c9%99rind%c9%99n-birin%c9%99-cevrilib\/","title":{"rendered":"Prezident \u0130lham \u018fliyevin r\u0259hb\u0259rliyi d\u00f6vr\u00fcnd\u0259 idman\u0131n inki\u015faf\u0131 d\u00f6vl\u0259t siyas\u0259tinin prioritet istiqam\u0259tl\u0259rind\u0259n birin\u0259 \u00e7evrilib"},"content":{"rendered":"<p><img loading=\"lazy\" class=\"alignleft wp-image-493\" src=\"https:\/\/agsaqqallarsurasi.az\/wp-content\/uploads\/2022\/04\/thumbnail_3ec8815bbca61ce0ba33483a80d6c340.jpg\" alt=\"\" width=\"400\" height=\"258\" srcset=\"https:\/\/agsaqqallarsurasi.az\/wp-content\/uploads\/2022\/04\/thumbnail_3ec8815bbca61ce0ba33483a80d6c340.jpg 799w, https:\/\/agsaqqallarsurasi.az\/wp-content\/uploads\/2022\/04\/thumbnail_3ec8815bbca61ce0ba33483a80d6c340-300x194.jpg 300w, https:\/\/agsaqqallarsurasi.az\/wp-content\/uploads\/2022\/04\/thumbnail_3ec8815bbca61ce0ba33483a80d6c340-768x496.jpg 768w, https:\/\/agsaqqallarsurasi.az\/wp-content\/uploads\/2022\/04\/thumbnail_3ec8815bbca61ce0ba33483a80d6c340-600x387.jpg 600w, https:\/\/agsaqqallarsurasi.az\/wp-content\/uploads\/2022\/04\/thumbnail_3ec8815bbca61ce0ba33483a80d6c340-150x97.jpg 150w\" sizes=\"(max-width: 400px) 100vw, 400px\" \/>Bak\u0131, 7 iyun,\u00a0AZ\u018fRTAC<\/p>\n<p>Prezident \u0130lham \u018fliyevin r\u0259hb\u0259rliyi d\u00f6vr\u00fcnd\u0259 idman\u0131n inki\u015faf\u0131 d\u00f6vl\u0259t siyas\u0259tinin prioritet istiqam\u0259tl\u0259rind\u0259n birin\u0259 \u00e7evrilib.<\/p>\n<p>AZ\u018fRTAC\u00a0x\u0259b\u0259r verir ki, bunu Az\u0259rbaycan A\u011fsaqqallar \u015euras\u0131n\u0131n s\u0259dri, 28 sayl\u0131 Sabun\u00e7u \u00fc\u00e7\u00fcnc\u00fc se\u00e7ki dair\u0259sind\u0259n deputat se\u00e7ilmi\u015f professor Eldar Quliyev may\u0131n 23-d\u0259 Q\u0259b\u0259l\u0259d\u0259 ke\u00e7iril\u0259n C\u00fcdo \u00fczr\u0259 klublararas\u0131 a\u00e7\u0131q birincilikd\u0259 y\u00fcks\u0259k nailiyy\u0259tl\u0259r qazanan Ma\u015fta\u011fa \u0130dman Klubunun \u00fczvl\u0259ri, onlar\u0131n valideynl\u0259ri v\u0259 rayon ziyal\u0131lar\u0131 il\u0259 g\u00f6r\u00fc\u015f\u00fc zaman\u0131 deyib.<\/p>\n<p>O qeyd edib ki, Prezident \u0130lham \u018fliyevin h\u0259yata ke\u00e7irdiyi u\u011furlu inki\u015faf strategiyas\u0131 n\u0259tic\u0259sind\u0259 \u00f6lk\u0259mizin iqtisadi q\u00fcdr\u0259tinin y\u00fcks\u0259lm\u0259si idman\u0131n inki\u015faf\u0131na da m\u00fcsb\u0259t t\u0259sir g\u00f6st\u0259rib. Haz\u0131rda d\u00f6vl\u0259timizin ba\u015f\u00e7\u0131s\u0131n\u0131n r\u0259hb\u0259rliyi il\u0259 dig\u0259r sah\u0259l\u0259rd\u0259 oldu\u011fu kimi, idman\u0131n inki\u015faf\u0131 da d\u00f6vl\u0259t siyas\u0259tinin prioritet istiqam\u0259tl\u0259rind\u0259n birin\u0259 \u00e7evrilib v\u0259 n\u0259tic\u0259d\u0259 bu sah\u0259d\u0259ki u\u011furlar ild\u0259n-il\u0259 art\u0131r. Vur\u011fulan\u0131b ki, Az\u0259rbaycan Respublikas\u0131n\u0131n Birinci vitse-prezidenti, Heyd\u0259r \u018fliyev Fondunun prezidenti Mehriban \u018fliyeva da idman\u0131m\u0131z\u0131n inki\u015faf\u0131na x\u00fcsusi diqq\u0259t v\u0259 qay\u011f\u0131 g\u00f6st\u0259rir.<\/p>\n<p>Koronavirus pandemiyas\u0131 il\u0259 \u0259laq\u0259dar b\u0259zi \u00e7\u0259tinlikl\u0259rin yaranmas\u0131na baxmayaraq, art\u0131q yax\u0131n g\u00fcnl\u0259rd\u0259 idman zallar\u0131n\u0131n yenid\u0259n g\u0259ncl\u0259rimizin ixtiyar\u0131na veril\u0259c\u0259yini bildir\u0259n deputat \u00f6lk\u0259mizd\u0259 apar\u0131lan vaksinasiya prosesind\u0259n d\u0259 dan\u0131\u015f\u0131b, q\u0131sa m\u00fcdd\u0259td\u0259 k\u00fctl\u0259vi immunitetin formala\u015fmas\u0131n\u0131n v\u0259 pandemiyan\u0131n qar\u015f\u0131s\u0131n\u0131n al\u0131nmas\u0131n\u0131n yaln\u0131z vaksinasiya vasit\u0259sil\u0259 m\u00fcmk\u00fcnl\u00fcy\u00fcn\u00fc qeyd edib.<\/p>\n<p>Q\u0131rx d\u00f6rd g\u00fcnl\u00fck V\u0259t\u0259n m\u00fcharib\u0259si d\u00f6vr\u00fcnd\u0259 v\u0259t\u0259np\u0259rv\u0259r, m\u0259rd Az\u0259rbaycan g\u0259ncl\u0259rinin, q\u0259hr\u0259man \u0259sg\u0259r v\u0259 zabitl\u0259rimizin Prezident, M\u00fcz\u0259ff\u0259r Ali Ba\u015f Komandan \u0130lham \u018fliyevin r\u0259hb\u0259rliyi il\u0259 g\u00f6st\u0259rdiyi \u015f\u00fcca\u0259td\u0259n v\u0259 m\u00f6ht\u0259\u015f\u0259m Q\u0259l\u0259b\u0259d\u0259n b\u0259hs ed\u0259n Eldar Quliyev bu yolda canlar\u0131n\u0131 qurban vermi\u015f \u015f\u0259hidl\u0259rimizi ehtiramla xat\u0131rlayaraq onlar\u0131n ail\u0259l\u0259rinin, yax\u0131nlar\u0131n\u0131n v\u0259 qazil\u0259rimizin he\u00e7 zaman diqq\u0259td\u0259n k\u0259narda qalmad\u0131\u011f\u0131n\u0131 bildirib. O \u0259lav\u0259 edib ki, bu m\u00fcharib\u0259 d\u00f6vr\u00fcnd\u0259 d\u00f6vl\u0259timizin ba\u015f\u00e7\u0131s\u0131 \u0130lham \u018fliyev y\u00fcks\u0259k siyasi irad\u0259 v\u0259 \u0259zmkarl\u0131q n\u00fcmayi\u015f etdir\u0259r\u0259k, Az\u0259rbaycan\u0131 sevm\u0259y\u0259n q\u00fcvv\u0259l\u0259r t\u0259r\u0259find\u0259n g\u00f6st\u0259ril\u0259n \u00e7ox b\u00f6y\u00fck t\u0259zyiql\u0259r\u0259, xarici media t\u0259msil\u00e7il\u0259rinin t\u0259xribatlar\u0131na layiq olduqlar\u0131 s\u0259rt v\u0259 obyektiv cavablar verdi, onlar\u0131 yerind\u0259 oturdaraq b\u00f6y\u00fck q\u0259tiyy\u0259t g\u00f6st\u0259rdi. Bununla da qalib d\u00f6vl\u0259tin M\u00fcz\u0259ff\u0259r S\u0259rk\u0259rd\u0259si kimi Erm\u0259nistan\u0131 kapitulyasiya imzalama\u011fa m\u0259cbur etdi.<\/p>\n<p>Bir ne\u00e7\u0259 g\u00fcn \u0259vv\u0259l K\u0259lb\u0259c\u0259rd\u0259 jurnalistl\u0259rin v\u0259 m\u00fclki \u015f\u0259xsl\u0259rin minaya d\u00fc\u015f\u0259r\u0259k h\u0259lak olmalar\u0131n\u0131 k\u0259d\u0259r hissi il\u0259 xat\u0131rladan Eldar Quliyev bu hadis\u0259nin erm\u0259nil\u0259rin mina x\u0259rit\u0259l\u0259rini gizl\u0259d\u0259r\u0259k m\u00fclki \u015f\u0259xsl\u0259r\u0259 qar\u015f\u0131 t\u00f6r\u0259tdiyi cinay\u0259tl\u0259rin, terror aktlar\u0131n\u0131n daha bir n\u00fcmun\u0259si oldu\u011funu, \u00f6lk\u0259 v\u0259 d\u00fcnya ictimaiyy\u0259ti t\u0259r\u0259find\u0259n s\u0259rt \u015f\u0259kild\u0259 pisl\u0259ndiyini bildirib.<\/p>\n<p>Sonra g\u0259ncl\u0259rin h\u0259m m\u0259n\u0259vi, h\u0259m d\u0259 fiziki c\u0259h\u0259td\u0259n g\u00fccl\u00fc olmalar\u0131n\u0131n vacibliyin\u0259 toxunan Eldar Quliyev deyib: \u201cSiz bizim idman\u0131m\u0131z\u0131n \u00fcmidl\u0259risiniz, sizin b\u00f6y\u00fck v\u0259 parlaq g\u0259l\u0259c\u0259yiniz var. Ona g\u00f6r\u0259 siz h\u0259r zaman nizam-intizaml\u0131 olmal\u0131, m\u0259\u015fq\u00e7il\u0259rin s\u00f6z\u00fcn\u0259 qulaq asaraq davaml\u0131 m\u0259\u015fq etm\u0259li, pe\u015f\u0259karl\u0131\u011f\u0131n\u0131z\u0131 daim art\u0131rmal\u0131s\u0131n\u0131z. \u018fmin\u0259m ki, bug\u00fcnk\u00fc u\u015faq-yeniyetm\u0259 idman\u00e7\u0131lar g\u0259l\u0259c\u0259kd\u0259 Az\u0259rbaycan\u0131 beyn\u0259lxalq arenada l\u0259yaq\u0259tl\u0259 t\u0259msil ed\u0259c\u0259kl\u0259r\u201d.<\/p>\n<p>Sonra c\u00fcdo \u00fczr\u0259 klublararas\u0131 a\u00e7\u0131q birincilikd\u0259 q\u0131z\u0131l medal qazanan \u018fli \u018fzimli v\u0259 H\u00fcseyn Mahmudzad\u0259ni, g\u00fcm\u00fc\u015f m\u00fckafat\u00e7\u0131lar H\u0259s\u0259n Ba\u011f\u0131rov, Ramal S\u00fcleymanov v\u0259 M\u00fcrs\u0259l Rzazad\u0259ni, b\u00fcr\u00fcnc medala layiq g\u00f6r\u00fclm\u00fc\u015f A\u011farza Quluzad\u0259ni, h\u0259m\u00e7inin ba\u015f m\u0259\u015fq\u00e7ini v\u0259 k\u00f6m\u0259k\u00e7i m\u0259\u015fq\u00e7il\u0259ri t\u0259brik ed\u0259r\u0259k onlara m\u00fckafatlar t\u0259qdim edib, g\u0259l\u0259c\u0259k yar\u0131\u015flarda u\u011furlar dil\u0259yib.<\/p>\n<p>Sonda xatir\u0259 \u015f\u0259kli \u00e7\u0259kdirilib, g\u00f6r\u00fc\u015f \u00e7ay s\u00fcfr\u0259si arxas\u0131nda davam etdirilib.<\/p>\n","protected":false},"excerpt":{"rendered":"<p>Bak\u0131, 7 iyun,\u00a0AZ\u018fRTAC Prezident \u0130lham \u018fliyevin r\u0259hb\u0259rliyi d\u00f6vr\u00fcnd\u0259 idman\u0131n inki\u015faf\u0131 d\u00f6vl\u0259t siyas\u0259tinin prioritet istiqam\u0259tl\u0259rind\u0259n birin\u0259 \u00e7evrilib. AZ\u018fRTAC\u00a0x\u0259b\u0259r verir ki, bunu<\/p>\n","protected":false},"author":1,"featured_media":2497,"comment_status":"open","ping_status":"open","sticky":false,"template":"","format":"standard","meta":{"cybocfi_hide_featured_image":"yes"},"categories":[26],"tags":[],"_links":{"self":[{"href":"https:\/\/agsaqqallarsurasi.az\/ru\/wp-json\/wp\/v2\/posts\/5570"}],"collection":[{"href":"https:\/\/agsaqqallarsurasi.az\/ru\/wp-json\/wp\/v2\/posts"}],"about":[{"href":"https:\/\/agsaqqallarsurasi.az\/ru\/wp-json\/wp\/v2\/types\/post"}],"author":[{"embeddable":true,"href":"https:\/\/agsaqqallarsurasi.az\/ru\/wp-json\/wp\/v2\/users\/1"}],"replies":[{"embeddable":true,"href":"https:\/\/agsaqqallarsurasi.az\/ru\/wp-json\/wp\/v2\/comments?post=5570"}],"version-history":[{"count":0,"href":"https:\/\/agsaqqallarsurasi.az\/ru\/wp-json\/wp\/v2\/posts\/5570\/revisions"}],"wp:featuredmedia":[{"embeddable":true,"href":"https:\/\/agsaqqallarsurasi.az\/ru\/wp-json\/wp\/v2\/media\/2497"}],"wp:attachment":[{"href":"https:\/\/agsaqqallarsurasi.az\/ru\/wp-json\/wp\/v2\/media?parent=5570"}],"wp:term":[{"taxonomy":"category","embeddable":true,"href":"https:\/\/agsaqqallarsurasi.az\/ru\/wp-json\/wp\/v2\/categories?post=5570"},{"taxonomy":"post_tag","embeddable":true,"href":"https:\/\/agsaqqallarsurasi.az\/ru\/wp-json\/wp\/v2\/tags?post=5570"}],"curies":[{"name":"wp","href":"https:\/\/api.w.org\/{rel}","templated":true}]}}