{"id":5574,"date":"2021-08-02T18:21:18","date_gmt":"2021-08-02T14:21:18","guid":{"rendered":"https:\/\/agsaqqallarsurasi.az\/s%c9%99ki-rayon-agsaqqallar-surasinin-hesabat-secki-konfransi-kecirilib\/"},"modified":"2022-11-08T22:06:37","modified_gmt":"2022-11-08T18:06:37","slug":"s%c9%99ki-rayon-agsaqqallar-surasinin-hesabat-secki-konfransi-kecirilib","status":"publish","type":"post","link":"https:\/\/agsaqqallarsurasi.az\/ru\/s%c9%99ki-rayon-agsaqqallar-surasinin-hesabat-secki-konfransi-kecirilib\/","title":{"rendered":"\u015e\u0259ki Rayon A\u011fsaqqallar \u015euras\u0131n\u0131n hesabat-se\u00e7ki konfrans\u0131 ke\u00e7irilib"},"content":{"rendered":"<p><img loading=\"lazy\" class=\"alignleft wp-image-487\" src=\"https:\/\/agsaqqallarsurasi.az\/wp-content\/uploads\/2022\/04\/thumbnail_b7433b5e1fd14e92568b37193166daf4.jpg\" alt=\"\" width=\"400\" height=\"258\" srcset=\"https:\/\/agsaqqallarsurasi.az\/wp-content\/uploads\/2022\/04\/thumbnail_b7433b5e1fd14e92568b37193166daf4.jpg 799w, https:\/\/agsaqqallarsurasi.az\/wp-content\/uploads\/2022\/04\/thumbnail_b7433b5e1fd14e92568b37193166daf4-300x194.jpg 300w, https:\/\/agsaqqallarsurasi.az\/wp-content\/uploads\/2022\/04\/thumbnail_b7433b5e1fd14e92568b37193166daf4-768x496.jpg 768w, https:\/\/agsaqqallarsurasi.az\/wp-content\/uploads\/2022\/04\/thumbnail_b7433b5e1fd14e92568b37193166daf4-600x387.jpg 600w, https:\/\/agsaqqallarsurasi.az\/wp-content\/uploads\/2022\/04\/thumbnail_b7433b5e1fd14e92568b37193166daf4-150x97.jpg 150w\" sizes=\"(max-width: 400px) 100vw, 400px\" \/>\u015e\u0259ki, 27 may, Mustafa Dada\u015fov,\u00a0AZ\u018fRTAC<\/p>\n<p>May\u0131n 27-d\u0259 \u015e\u0259ki Rayon A\u011fsaqqallar \u015euras\u0131n\u0131n hesabat-se\u00e7ki konfrans\u0131 ke\u00e7irilib.<\/p>\n<p>AZ\u018fRTAC-\u0131n b\u00f6lg\u0259 m\u00fcxbiri x\u0259b\u0259r verir ki, t\u0259dbir i\u015ftirak\u00e7\u0131lar\u0131 \u0259vv\u0259lc\u0259 \u00fcmummilli lider Heyd\u0259r \u018fliyevin abid\u0259si \u00f6n\u00fcn\u0259 g\u00fcl d\u0259st\u0259l\u0259ri d\u00fcz\u0259r\u0259k, dahi r\u0259hb\u0259rin xatir\u0259sini ehtiramla an\u0131b, \u015e\u0259hidl\u0259r xiyaban\u0131n\u0131 ziyar\u0259t edibl\u0259r.<\/p>\n<p>\u015e\u0259ki \u015f\u0259h\u0259r Heyd\u0259r \u018fliyev M\u0259rk\u0259zind\u0259 ke\u00e7iril\u0259n t\u0259dbirin \u0259vv\u0259lind\u0259 Az\u0259rbaycan\u0131n \u0259razi b\u00fct\u00f6vl\u00fcy\u00fc u\u011frunda \u015f\u0259hid olan V\u0259t\u0259n o\u011fullar\u0131n\u0131n, h\u0259m\u00e7inin hesabat d\u00f6vr\u00fcnd\u0259 v\u0259fat etmi\u015f a\u011fsaqqallar\u0131n xatir\u0259si bir d\u0259qiq\u0259lik s\u00fckutla yad olunub.<\/p>\n<p>T\u0259dbiri \u015e\u0259ki \u015e\u0259h\u0259r \u0130cra Hakimiyy\u0259ti ba\u015f\u00e7\u0131s\u0131n\u0131n m\u00fcavini &#8211; ictimai-siyasi v\u0259 humanitar m\u0259s\u0259l\u0259l\u0259r \u015f\u00f6b\u0259sinin m\u00fcdiri Z\u0259rin\u0259 Cavadova a\u00e7araq, \u00f6t\u0259n ilin \u0259n m\u00fch\u00fcm hadis\u0259sinin torpaqlar\u0131m\u0131z\u0131n erm\u0259ni i\u015f\u011fal\u0131ndan azad edilm\u0259si oldu\u011funu, M\u00fcz\u0259ff\u0259r Ali Ba\u015f Komandan \u0130lham \u018fliyevin r\u0259hb\u0259rliyi il\u0259 apar\u0131lan m\u00f6ht\u0259\u015f\u0259m \u201cD\u0259mir yumruq\u201d \u0259m\u0259liyyat\u0131n\u0131n \u015fanl\u0131 Q\u0259l\u0259b\u0259 il\u0259 ba\u015fa \u00e7atd\u0131\u011f\u0131n\u0131 vur\u011fulay\u0131b.<\/p>\n<p>Bildirilib ki, bu g\u00fcn respublika a\u011fsaqqallar\u0131 \u00f6lk\u0259nin ictimai-siyasi h\u0259yat\u0131nda m\u00fch\u00fcm yer tutur. D\u00f6vl\u0259timizin bug\u00fcnk\u00fc inki\u015faf\u0131nda onlar\u0131n b\u00f6y\u00fck rolu var. A\u011fsaqqallar h\u0259mi\u015f\u0259 g\u0259ncl\u0259r\u0259 n\u00fcmun\u0259 olmaqla yana\u015f\u0131, onlar\u0131n v\u0259t\u0259np\u0259rv\u0259rlik ruhunda t\u0259rbiy\u0259 olunmas\u0131nda da x\u00fcsusi rol oynay\u0131r, \u00f6z bilik v\u0259 t\u0259cr\u00fcb\u0259l\u0259rini g\u0259ncl\u0259r\u0259 \u00f6yr\u0259dirl\u0259r. \u015e\u0259ki a\u011fsaqqallar\u0131 rayonun ictimai-siyasi, m\u0259d\u0259ni h\u0259yat\u0131nda, x\u00fcsusil\u0259 g\u0259ncl\u0259rin maarifl\u0259ndirilm\u0259sind\u0259 yax\u0131ndan i\u015ftirak edirl\u0259r. Onlar rayonda h\u0259yata ke\u00e7iril\u0259n b\u00fct\u00fcn t\u0259dbirl\u0259rd\u0259 diqq\u0259t m\u0259rk\u0259zind\u0259 saxlan\u0131l\u0131r, qay\u011f\u0131 il\u0259 \u0259hat\u0259 olunurlar.<\/p>\n<p>Konfrans\u0131n Az\u0259rbaycan Xalq C\u00fcmhuriyy\u0259tinin yaranmas\u0131n\u0131n 103-c\u00fc ild\u00f6n\u00fcm\u00fcn\u0259 t\u0259sad\u00fcf etdiyini vur\u011fulayan Z\u0259rin\u0259 Cavadova t\u0259dbir i\u015ftirak\u00e7\u0131lar\u0131n\u0131 \u0259lam\u0259tdar g\u00fcn m\u00fcnasib\u0259til\u0259 t\u0259brik edib.<\/p>\n<p>Respublika A\u011fsaqqallar \u015euras\u0131n\u0131n s\u0259dr m\u00fcavini, professor Elmira S\u00fcleymanova \u00e7\u0131x\u0131\u015f ed\u0259r\u0259k, Prezident \u0130lham \u018fliyevin r\u0259hb\u0259rliyi il\u0259 m\u00fcst\u0259qil Az\u0259rbaycan\u0131n inki\u015faf\u0131 v\u0259 q\u00fcdr\u0259tl\u0259nm\u0259si istiqam\u0259tind\u0259 h\u0259yata ke\u00e7iril\u0259n geni\u015fmiqyasl\u0131 t\u0259dbirl\u0259rd\u0259n, bu i\u015fd\u0259 a\u011fsaqqallar\u0131n b\u00f6y\u00fck rolundan, \u00f6lk\u0259mizd\u0259 ya\u015fl\u0131 n\u0259slin n\u00fcmay\u0259nd\u0259l\u0259rin\u0259 g\u00f6st\u0259ril\u0259n y\u00fcks\u0259k d\u00f6vl\u0259t qay\u011f\u0131s\u0131ndan dan\u0131\u015f\u0131b, g\u0259ncl\u0259rin d\u00f6vl\u0259t\u0259, xalqa s\u0259daq\u0259t ruhunda, z\u0259r\u0259rli t\u0259sirl\u0259rd\u0259n uzaq v\u0259 sa\u011flam \u0259saslar \u00fcz\u0259rind\u0259 t\u0259rbiy\u0259 olunmas\u0131nda a\u011fsaqqallara h\u0259r zaman b\u00f6y\u00fck ehtiyac duyuldu\u011funu diqq\u0259t\u0259 \u00e7atd\u0131r\u0131b. O, \u00e7\u0131x\u0131\u015f\u0131nda \u015euran\u0131n Nizamnam\u0259 v\u0259 \u018fsasnam\u0259sind\u0259n ir\u0259li g\u0259l\u0259n v\u0259zif\u0259l\u0259r bar\u0259d\u0259 d\u0259 m\u0259lumat verib, t\u00f6vsiy\u0259l\u0259rini \u00e7atd\u0131r\u0131b, yeni se\u00e7il\u0259c\u0259k hey\u0259t\u0259 u\u011furlar arzulay\u0131b.<\/p>\n<p>Sonra t\u0259\u015fkilati m\u0259s\u0259l\u0259l\u0259r m\u00fczakir\u0259 olunub, \u015e\u0259ki Rayon A\u011fsaqqallar \u015euras\u0131n\u0131n yeni \u018fsasnam\u0259si q\u0259bul edilib. Na\u011fdal\u0131 Bala\u015fov \u015euran\u0131n s\u0259dri se\u00e7ilib. Konfransda, h\u0259m\u00e7inin rayon A\u011fsaqqallar \u015euras\u0131n\u0131n \u0130dar\u0259 hey\u0259tinin v\u0259 T\u0259fti\u015f komissiyas\u0131n\u0131n yeni t\u0259rkibi t\u0259sdiq olunub.<\/p>\n","protected":false},"excerpt":{"rendered":"<p>\u015e\u0259ki, 27 may, Mustafa Dada\u015fov,\u00a0AZ\u018fRTAC May\u0131n 27-d\u0259 \u015e\u0259ki Rayon A\u011fsaqqallar \u015euras\u0131n\u0131n hesabat-se\u00e7ki konfrans\u0131 ke\u00e7irilib. AZ\u018fRTAC-\u0131n b\u00f6lg\u0259 m\u00fcxbiri x\u0259b\u0259r verir ki,<\/p>\n","protected":false},"author":1,"featured_media":2493,"comment_status":"open","ping_status":"open","sticky":false,"template":"","format":"standard","meta":{"cybocfi_hide_featured_image":"yes"},"categories":[26],"tags":[],"_links":{"self":[{"href":"https:\/\/agsaqqallarsurasi.az\/ru\/wp-json\/wp\/v2\/posts\/5574"}],"collection":[{"href":"https:\/\/agsaqqallarsurasi.az\/ru\/wp-json\/wp\/v2\/posts"}],"about":[{"href":"https:\/\/agsaqqallarsurasi.az\/ru\/wp-json\/wp\/v2\/types\/post"}],"author":[{"embeddable":true,"href":"https:\/\/agsaqqallarsurasi.az\/ru\/wp-json\/wp\/v2\/users\/1"}],"replies":[{"embeddable":true,"href":"https:\/\/agsaqqallarsurasi.az\/ru\/wp-json\/wp\/v2\/comments?post=5574"}],"version-history":[{"count":1,"href":"https:\/\/agsaqqallarsurasi.az\/ru\/wp-json\/wp\/v2\/posts\/5574\/revisions"}],"predecessor-version":[{"id":5575,"href":"https:\/\/agsaqqallarsurasi.az\/ru\/wp-json\/wp\/v2\/posts\/5574\/revisions\/5575"}],"wp:featuredmedia":[{"embeddable":true,"href":"https:\/\/agsaqqallarsurasi.az\/ru\/wp-json\/wp\/v2\/media\/2493"}],"wp:attachment":[{"href":"https:\/\/agsaqqallarsurasi.az\/ru\/wp-json\/wp\/v2\/media?parent=5574"}],"wp:term":[{"taxonomy":"category","embeddable":true,"href":"https:\/\/agsaqqallarsurasi.az\/ru\/wp-json\/wp\/v2\/categories?post=5574"},{"taxonomy":"post_tag","embeddable":true,"href":"https:\/\/agsaqqallarsurasi.az\/ru\/wp-json\/wp\/v2\/tags?post=5574"}],"curies":[{"name":"wp","href":"https:\/\/api.w.org\/{rel}","templated":true}]}}