{"id":5603,"date":"2021-08-02T18:05:52","date_gmt":"2021-08-02T14:05:52","guid":{"rendered":"https:\/\/agsaqqallarsurasi.az\/qusar-rayon-agsaqqallar-surasinin-iclasi-kecirilib\/"},"modified":"2021-08-02T18:05:52","modified_gmt":"2021-08-02T14:05:52","slug":"qusar-rayon-agsaqqallar-surasinin-iclasi-kecirilib","status":"publish","type":"post","link":"https:\/\/agsaqqallarsurasi.az\/ru\/qusar-rayon-agsaqqallar-surasinin-iclasi-kecirilib\/","title":{"rendered":"Qusar Rayon A\u011fsaqqallar \u015euras\u0131n\u0131n iclas\u0131 ke\u00e7irilib"},"content":{"rendered":"<p><img loading=\"lazy\" class=\"alignleft wp-image-451\" src=\"https:\/\/agsaqqallarsurasi.az\/wp-content\/uploads\/2022\/04\/thumbnail_ed27b0b0e42dbcd3867249b0552d1d59.jpg\" alt=\"\" width=\"400\" height=\"259\" srcset=\"https:\/\/agsaqqallarsurasi.az\/wp-content\/uploads\/2022\/04\/thumbnail_ed27b0b0e42dbcd3867249b0552d1d59.jpg 799w, https:\/\/agsaqqallarsurasi.az\/wp-content\/uploads\/2022\/04\/thumbnail_ed27b0b0e42dbcd3867249b0552d1d59-300x194.jpg 300w, https:\/\/agsaqqallarsurasi.az\/wp-content\/uploads\/2022\/04\/thumbnail_ed27b0b0e42dbcd3867249b0552d1d59-768x497.jpg 768w, https:\/\/agsaqqallarsurasi.az\/wp-content\/uploads\/2022\/04\/thumbnail_ed27b0b0e42dbcd3867249b0552d1d59-600x388.jpg 600w, https:\/\/agsaqqallarsurasi.az\/wp-content\/uploads\/2022\/04\/thumbnail_ed27b0b0e42dbcd3867249b0552d1d59-150x97.jpg 150w\" sizes=\"(max-width: 400px) 100vw, 400px\" \/>Bak\u0131, 5 aprel,\u00a0AZ\u018fRTAC<\/p>\n<p>Qusarda x\u00fcsusi karantin rejimi qaydalar\u0131na riay\u0259t olunmaqla, Rayon A\u011fsaqqallar \u015euras\u0131n\u0131n konfrans\u0131 ke\u00e7irilib. Konfransda Az\u0259rbaycan A\u011fsaqqallar \u015euras\u0131n\u0131n s\u0259dr m\u00fcavini Tahir S\u00fcleymanov, rayon icra hakimiyy\u0259ti ba\u015f\u00e7\u0131s\u0131n\u0131n m\u00fcavini Elman Mustafayev, rayon a\u011fsaqqallar\u0131 v\u0259 ziyal\u0131lar\u0131 i\u015ftirak edibl\u0259r.<\/p>\n<p>Az\u0259rbaycan A\u011fsaqqallar \u015euras\u0131ndan\u00a0AZ\u018fRTAC-a bildiribl\u0259r ki, t\u0259dbir i\u015ftirak\u00e7\u0131lar\u0131 \u0259vv\u0259lc\u0259 Heyd\u0259r \u018fliyev M\u0259rk\u0259zind\u0259 \u00dcmummilli Liderin abid\u0259si \u00f6n\u00fcn\u0259 g\u00fcl d\u0259st\u0259l\u0259ri d\u00fcz\u00fcb, xatir\u0259sini ehtiramla yad edibl\u0259r. Sonra M\u0259rk\u0259zin f\u0259aliyy\u0259ti v\u0259 burada yarad\u0131lm\u0131\u015f \u015f\u0259raitl\u0259 yax\u0131ndan tan\u0131\u015f olub, ulu \u00f6nd\u0259r Heyd\u0259r \u018fliyevl\u0259 ba\u011fl\u0131 xatir\u0259l\u0259rini b\u00f6l\u00fc\u015f\u00fcbl\u0259r.<\/p>\n<p>YAP Qusar rayon t\u0259\u015fkilat\u0131n\u0131n akt zal\u0131nda ke\u00e7iril\u0259n konfransda Az\u0259rbaycan\u0131n suverenliyi v\u0259 \u0259razi b\u00fct\u00f6vl\u00fcy\u00fc u\u011frunda \u015f\u0259hid olanlar\u0131n v\u0259 \u00f6t\u0259n d\u00f6vr \u0259rzind\u0259 d\u00fcnyas\u0131n\u0131 d\u0259yi\u015f\u0259n a\u011fsaqqallar\u0131n xatir\u0259si bir d\u0259qiq\u0259lik s\u00fckutla yad edilib.<\/p>\n<p>Rayon icra hakimiyy\u0259ti ba\u015f\u00e7\u0131s\u0131n\u0131n m\u00fcavini Elman Mustafayev bildirib ki, Qusar rayonunda a\u011fsaqqallara h\u0259r zaman b\u00f6y\u00fck diqq\u0259t v\u0259 qay\u011f\u0131 g\u00f6st\u0259rilib. A\u011fsaqqallar rayonun m\u0259d\u0259ni-ictimai h\u0259yat\u0131nda \u0259h\u0259miyy\u0259tli rol oynay\u0131rlar. Qeyd edilib ki, i\u015f\u011fal alt\u0131ndak\u0131 torpaqlar\u0131m\u0131z\u0131n azad olunmas\u0131nda, b\u00f6y\u00fck Q\u0259l\u0259b\u0259nin qazan\u0131lmas\u0131nda onlarca qusarl\u0131 g\u0259nc q\u0259hr\u0259manl\u0131qlar g\u00f6st\u0259r\u0259r\u0259k \u00f6z adlar\u0131n\u0131 Az\u0259rbaycan\u0131n \u015fanl\u0131 Z\u0259f\u0259r tarixin\u0259 q\u0131z\u0131l h\u0259rfl\u0259rl\u0259 yaz\u0131blar. Bu Q\u0259l\u0259b\u0259nin \u0259ld\u0259 edilm\u0259sind\u0259 a\u011fsaqqallar\u0131n da \u0259m\u0259yi dan\u0131lmazd\u0131r.<\/p>\n<p>Konfransda \u00e7\u0131x\u0131\u015f ed\u0259n Az\u0259rbaycan A\u011fsaqqallar \u015euras\u0131n\u0131n s\u0259dr m\u00fcavini Tahir S\u00fcleymanov bildirib ki, \u201cQaraba\u011f Az\u0259rbaycand\u0131r!\u201d, \u201cG\u00fcc birlikd\u0259dir!\u201d dey\u0259r\u0259k ba\u015flad\u0131\u011f\u0131m\u0131z 44 g\u00fcnl\u00fck V\u0259t\u0259n m\u00fcharib\u0259si, d\u0259mir yumruq \u0259m\u0259liyyat\u0131 zaman\u0131 Az\u0259rbaycan xalq\u0131, o c\u00fcml\u0259d\u0259n a\u011fsaqqallar\u0131m\u0131z M\u00fcz\u0259ff\u0259r Ali Ba\u015f Komandan \u0130lham \u018fliyevin \u0259traf\u0131nda s\u0131x birl\u0259\u015f\u0259r\u0259k, b\u00fct\u00fcn d\u00fcnyaya xalq\u0131m\u0131z\u0131n g\u00fcc\u00fcn\u00fc v\u0259 irad\u0259sini g\u00f6st\u0259rib. Bu birlik, bu h\u0259mr\u0259ylik, x\u00fcsusil\u0259 Ali Ba\u015f Komandan\u0131n irad\u0259si, q\u0259tiyy\u0259ti, Ordumuzun g\u00fcc\u00fc v\u0259 q\u00fcdr\u0259ti say\u0259sind\u0259 Az\u0259rbaycan V\u0259t\u0259n m\u00fcharib\u0259sind\u0259 tarixi v\u0259 m\u00f6ht\u0259\u015f\u0259m Q\u0259l\u0259b\u0259 qazan\u0131b. Qeyd olunub ki, \u015fanl\u0131 Ordumuz t\u0259r\u0259find\u0259n azad edil\u0259n torpaqlar\u0131m\u0131zda art\u0131q b\u00f6y\u00fck quruculuq, abadl\u0131q v\u0259 yenid\u0259nqurma i\u015fl\u0259ri apar\u0131l\u0131r. \u018fminlikl\u0259 vur\u011fulan\u0131b ki, Prezident \u0130lham \u018fliyevin v\u0259 Birinci vitse-prezident Mehriban xan\u0131m \u018fliyevan\u0131n f\u0259dakar \u0259m\u0259yi v\u0259 inc\u0259 z\u00f6vq\u00fc say\u0259sind\u0259 V\u0259t\u0259nimizin bu dilb\u0259r gu\u015f\u0259si d\u0259 tezlikl\u0259 g\u00f6z\u0259ll\u0259\u015f\u0259c\u0259k v\u0259 inki\u015faf ed\u0259c\u0259k.<\/p>\n<p>H\u0259m\u00e7inin bildirilib ki, \u00f6lk\u0259mizin ictimai-siyasi h\u0259yat\u0131nda yax\u0131ndan i\u015ftirak ed\u0259r\u0259k \u00f6z f\u0259aliyy\u0259tini bir \u00e7ox istiqam\u0259tl\u0259rd\u0259 quran Az\u0259rbaycan A\u011fsaqqallar \u015euras\u0131nda haz\u0131rda b\u00f6y\u00fck canlanma hiss olunmaqdad\u0131r. \u015eurada t\u0259msil olunan respublika a\u011fsaqqallar\u0131 ulu \u00f6nd\u0259r Heyd\u0259r \u018fliyevin layiqli davam\u00e7\u0131s\u0131 Prezident \u0130lham \u018fliyevin h\u0259r zaman xalq\u0131n m\u0259nafeyin\u0259 xidm\u0259t ed\u0259n daxili v\u0259 xarici siyas\u0259tini \u00fcr\u0259kd\u0259n d\u0259st\u0259kl\u0259yir, g\u0259nc n\u0259slin milli ad\u0259t-\u0259n\u0259n\u0259l\u0259r\u0259, az\u0259rbaycan\u00e7\u0131l\u0131q m\u0259fkur\u0259sin\u0259 ba\u011fl\u0131l\u0131q ruhunda t\u0259rbiy\u0259si i\u015fin\u0259 x\u00fcsusi diqq\u0259t yetirir, dinamik inki\u015fafda olan \u00f6lk\u0259mizin parlaq g\u0259l\u0259c\u0259yi namin\u0259 q\u00fcvv\u0259, bilik v\u0259 bacar\u0131qlar\u0131n\u0131 \u0259sirg\u0259mirl\u0259r.<\/p>\n<p>Sonra t\u0259\u015fkilati m\u0259s\u0259l\u0259l\u0259r\u0259 bax\u0131l\u0131b. Qusar Rayon A\u011fsaqqallar \u015euras\u0131n\u0131n yeni \u018fsasnam\u0259si a\u00e7\u0131q s\u0259sverm\u0259 yolu il\u0259 q\u0259bul edilib.<\/p>\n<p>Vahid Mehdixanl\u0131 Qusar Rayon A\u011fsaqqallar \u015euras\u0131n\u0131n s\u0259dri se\u00e7ilib. Konfransda, h\u0259m\u00e7inin A\u011fsaqqallar \u015euras\u0131n\u0131n \u0130dar\u0259 Hey\u0259tinin v\u0259 T\u0259fti\u015f Komissiyas\u0131n\u0131n yeni t\u0259rkibi formala\u015fd\u0131r\u0131l\u0131b.<\/p>\n","protected":false},"excerpt":{"rendered":"<p>Bak\u0131, 5 aprel,\u00a0AZ\u018fRTAC Qusarda x\u00fcsusi karantin rejimi qaydalar\u0131na riay\u0259t olunmaqla, Rayon A\u011fsaqqallar \u015euras\u0131n\u0131n konfrans\u0131 ke\u00e7irilib. Konfransda Az\u0259rbaycan A\u011fsaqqallar \u015euras\u0131n\u0131n s\u0259dr<\/p>\n","protected":false},"author":1,"featured_media":2469,"comment_status":"open","ping_status":"open","sticky":false,"template":"","format":"standard","meta":{"cybocfi_hide_featured_image":"yes"},"categories":[26],"tags":[],"_links":{"self":[{"href":"https:\/\/agsaqqallarsurasi.az\/ru\/wp-json\/wp\/v2\/posts\/5603"}],"collection":[{"href":"https:\/\/agsaqqallarsurasi.az\/ru\/wp-json\/wp\/v2\/posts"}],"about":[{"href":"https:\/\/agsaqqallarsurasi.az\/ru\/wp-json\/wp\/v2\/types\/post"}],"author":[{"embeddable":true,"href":"https:\/\/agsaqqallarsurasi.az\/ru\/wp-json\/wp\/v2\/users\/1"}],"replies":[{"embeddable":true,"href":"https:\/\/agsaqqallarsurasi.az\/ru\/wp-json\/wp\/v2\/comments?post=5603"}],"version-history":[{"count":0,"href":"https:\/\/agsaqqallarsurasi.az\/ru\/wp-json\/wp\/v2\/posts\/5603\/revisions"}],"wp:featuredmedia":[{"embeddable":true,"href":"https:\/\/agsaqqallarsurasi.az\/ru\/wp-json\/wp\/v2\/media\/2469"}],"wp:attachment":[{"href":"https:\/\/agsaqqallarsurasi.az\/ru\/wp-json\/wp\/v2\/media?parent=5603"}],"wp:term":[{"taxonomy":"category","embeddable":true,"href":"https:\/\/agsaqqallarsurasi.az\/ru\/wp-json\/wp\/v2\/categories?post=5603"},{"taxonomy":"post_tag","embeddable":true,"href":"https:\/\/agsaqqallarsurasi.az\/ru\/wp-json\/wp\/v2\/tags?post=5603"}],"curies":[{"name":"wp","href":"https:\/\/api.w.org\/{rel}","templated":true}]}}