{"id":5605,"date":"2021-08-02T18:04:50","date_gmt":"2021-08-02T14:04:50","guid":{"rendered":"https:\/\/agsaqqallarsurasi.az\/az%c9%99rbaycan-xalqi-agsaqqallari-h%c9%99mis%c9%99-uca-tutub\/"},"modified":"2022-11-08T22:08:07","modified_gmt":"2022-11-08T18:08:07","slug":"az%c9%99rbaycan-xalqi-agsaqqallari-h%c9%99mis%c9%99-uca-tutub","status":"publish","type":"post","link":"https:\/\/agsaqqallarsurasi.az\/ru\/az%c9%99rbaycan-xalqi-agsaqqallari-h%c9%99mis%c9%99-uca-tutub\/","title":{"rendered":"Az\u0259rbaycan xalq\u0131 a\u011fsaqqallar\u0131 h\u0259mi\u015f\u0259 uca tutub"},"content":{"rendered":"<p><img loading=\"lazy\" class=\"wp-image-448 alignleft\" src=\"https:\/\/agsaqqallarsurasi.az\/wp-content\/uploads\/2022\/04\/thumbnail_51f9ed9bca5cb8a20441c9c16b6dfa3c.jpg\" alt=\"\" width=\"400\" height=\"259\" srcset=\"https:\/\/agsaqqallarsurasi.az\/wp-content\/uploads\/2022\/04\/thumbnail_51f9ed9bca5cb8a20441c9c16b6dfa3c.jpg 799w, https:\/\/agsaqqallarsurasi.az\/wp-content\/uploads\/2022\/04\/thumbnail_51f9ed9bca5cb8a20441c9c16b6dfa3c-300x194.jpg 300w, https:\/\/agsaqqallarsurasi.az\/wp-content\/uploads\/2022\/04\/thumbnail_51f9ed9bca5cb8a20441c9c16b6dfa3c-768x497.jpg 768w, https:\/\/agsaqqallarsurasi.az\/wp-content\/uploads\/2022\/04\/thumbnail_51f9ed9bca5cb8a20441c9c16b6dfa3c-600x388.jpg 600w, https:\/\/agsaqqallarsurasi.az\/wp-content\/uploads\/2022\/04\/thumbnail_51f9ed9bca5cb8a20441c9c16b6dfa3c-150x97.jpg 150w\" sizes=\"(max-width: 400px) 100vw, 400px\" \/>8 aprel 2021-ci id\u0259 Xa\u00e7mazda\u00a0 Rayon A\u011fsaqqallar \u015euras\u0131n\u0131n iclas\u0131 ke\u00e7irilmi\u015fdir.\u00a0 T\u0259dbird\u0259\u00a0 Az\u0259rbaycan A\u011fsaqqallar \u015euras\u0131n\u0131n s\u0259dr m\u00fcavini Tahir S\u00fcleymanov, Xa\u00e7maz Rayon \u0130cra Hakimiyy\u0259tinin ba\u015f\u00e7\u0131s\u0131 Elnur Rzayev v\u0259 rayon a\u011fsaqqallar\u0131 i\u015ftirak etmi\u015fl\u0259r. \u0130clasdan \u00f6nc\u0259 t\u0259dbir i\u015ftirak\u00e7\u0131lar\u0131 t\u0259r\u0259find\u0259n ulu \u00f6nd\u0259r Heyd\u0259r \u018fliyevin Xa\u00e7maz rayonundak\u0131\u00a0 abid\u0259si \u00f6n\u00fcn\u0259 g\u00fcl d\u0259st\u0259l\u0259ri qoyulmu\u015f v\u0259 xatir\u0259si ehtiramla yad edilmi\u015fdir.<br \/>\nHeyd\u0259r \u018fliyev M\u0259rk\u0259zind\u0259 x\u00fcsusi karantin rejimi qaydalar\u0131na riay\u0259t olunmaqla y\u0131\u011fcam t\u0259rkibd\u0259 ke\u00e7iril\u0259n toplant\u0131da V\u0259t\u0259n m\u00fcharib\u0259sind\u0259 h\u0259lak olmu\u015f \u015f\u0259hidl\u0259rimizin v\u0259 d\u00fcnyas\u0131n\u0131 d\u0259yi\u015fmi\u015f a\u011fsaqqallar\u0131n xatir\u0259si bir d\u0259qiq\u0259lik s\u00fckutla an\u0131lm\u0131\u015fd\u0131r.<\/p>\n<p>Y\u0131\u011f\u0131nca\u011f\u0131 Xa\u00e7maz Rayon \u0130cra Hakimiyy\u0259tinin ba\u015fc\u0131s\u0131 Elnur Rzayev a\u00e7araq t\u0259dbir i\u015ftirak\u00e7\u0131lar\u0131n\u0131 salamlad\u0131qdan sonra Ali Ba\u015f Komandan\u00a0 \u0130lham \u018fliyevin ba\u015f\u00e7\u0131l\u0131\u011f\u0131 alt\u0131nda Az\u0259rbaycan Ordusunun qazand\u0131\u011f\u0131 m\u00f6ht\u0259\u015f\u0259m Z\u0259f\u0259rd\u0259n b\u0259hs etmi\u015f v\u0259 vur\u011fulam\u0131\u015fd\u0131r ki, g\u0259ncl\u0259rimiz\u0259 h\u0259r zaman v\u0259t\u0259np\u0259v\u0259rlik v\u0259 m\u0259rdlik a\u015f\u0131layan a\u011fsaqqallar\u0131n bu q\u0259l\u0259b\u0259d\u0259 b\u00f6y\u00fck \u0259m\u0259yi vard\u0131r. Xa\u00e7maz rayonunun ictimai-m\u0259d\u0259ni h\u0259yat\u0131nda a\u011fsaqqallar\u0131n \u0259h\u0259miyy\u0259tli rolundan dan\u0131\u015fan icra hakimiyy\u0259tinin ba\u015f\u00e7\u0131s\u0131 f\u0259aliyy\u0259t\u0259 ba\u015fld\u0131\u011f\u0131 ilk g\u00fcnl\u0259rd\u0259n etibar\u0259n onlar\u0131n d\u0259y\u0259rli m\u0259sl\u0259h\u0259t v\u0259 t\u00f6vsiy\u0259l\u0259rind\u0259n b\u0259hr\u0259l\u0259ndiyini toplant\u0131 i\u015ftirak\u00e7\u0131lar\u0131n\u0131n diqq\u0259tin\u0259 \u00e7atd\u0131rm\u0131\u015fd\u0131r. O, \u00fcmidvar oldu\u011funu bildirmi\u015fdir ki, bundan sonra da a\u011fsaqqallar\u0131m\u0131z \u00f6rn\u0259k davran\u0131\u015flar\u0131 v\u0259 u\u011furlu f\u0259aliyy\u0259tl\u0259ri il\u0259 h\u0259r birimiz\u0259, x\u00fcsusil\u0259 d\u0259 g\u0259ncl\u0259rimiz\u0259 m\u0259n\u0259vi d\u0259st\u0259k olacaqlar.<br \/>\nAz\u0259rbaycan\u00a0 A\u011fsaqqallar \u015euras\u0131n\u0131n s\u0259dr m\u00fcavini Tahir S\u00fcleymanov \u00f6z \u00e7\u0131x\u0131\u015f\u0131nda bildirmi\u015fdir ki, m\u00f6ht\u0259r\u0259m Prezidentimiz, m\u00fcz\u0259ff\u0259r Ali Ba\u015f Komandan\u0131m\u0131z \u0130lham \u018fliyevin r\u0259hb\u0259rliyi alt\u0131nda r\u0259\u015fad\u0259tli Ordumuzun apard\u0131\u011f\u0131 44 g\u00fcnl\u00fck V\u0259t\u0259n m\u00fcharib\u0259si n\u0259tic\u0259sind\u0259 \u0259z\u0259li v\u0259 \u0259b\u0259di torpaqlar\u0131m\u0131z 30 illik erm\u0259ni i\u015f\u011fal\u0131ndan azad edil\u0259r\u0259k \u00f6lk\u0259mizin tarixi \u0259razi b\u00fct\u00f6vl\u00fcy\u00fc b\u0259rpa olundu. \u015eanl\u0131 Ordumuzun z\u0259f\u0259r y\u00fcr\u00fc\u015f\u00fc, d\u00fc\u015fm\u0259nin sonad\u0259k b\u00fct\u00fcn torpaqlar\u0131m\u0131zdan qovulmas\u0131, Qaraba\u011f m\u00fcnaqi\u015f\u0259sinin u\u011furla v\u0259 \u0259dal\u0259tl\u0259 h\u0259ll edilm\u0259si ya\u015fad\u0131\u011f\u0131m\u0131z b\u00f6lg\u0259d\u0259 s\u00fclh\u0259 v\u0259 t\u0259hl\u00fck\u0259sizliy\u0259 \u0259v\u0259zsiz t\u00f6hf\u0259 oldu v\u0259 bu g\u00fcn sava\u015f meydan\u0131nda \u0259ld\u0259 etdiyimiz bu tarixi Q\u0259l\u0259b\u0259nin ard\u0131nca Az\u0259rbaycan\u0131 daha fir\u0259van h\u0259yat g\u00f6zl\u0259yir. O qeyd etdi ki, hal-haz\u0131rda b\u00fct\u00fcn d\u00fcnyada, o c\u00fcml\u0259d\u0259n \u00f6lk\u0259mizd\u0259 koronivirus pandemiyas\u0131n\u0131n davam etm\u0259sin\u0259 baxmayaraq,\u00a0 \u0259sas\u0131 \u00fcmummilli lider Heyd\u0259r \u018fliyev t\u0259r\u0259find\u0259n qoyulmu\u015f a\u011fsaqqallara v\u0259 ah\u0131l v\u0259t\u0259nda\u015flara d\u00f6vl\u0259tin diqq\u0259t v\u0259 qay\u011f\u0131 siyas\u0259ti m\u00f6ht\u0259r\u0259m Prezidentimiz c\u0259nab \u0130lham \u018fliyev v\u0259 Birinci vitse-prezident Mehriban xan\u0131m \u018fliyeva t\u0259r\u0259find\u0259n u\u011furla davam etdirilir.<br \/>\nDaha sonra Tahir m\u00fc\u0259llim vur\u011fulad\u0131 ki, Az\u0259rbaycan xalq\u0131 a\u011fsaqqallar\u0131 h\u0259mi\u015f\u0259 uca tutub. \u00c7\u00fcnki a\u011fsaqqallar bizim m\u0259n\u0259vi s\u0259rv\u0259timizdir. Bildirildi ki, mill\u0259t v\u0259kili, professor Eldar Quliyev Az\u0259rbaycan A\u011fsaqqallar \u015euras\u0131na s\u0259dr se\u00e7ildikd\u0259n sonra a\u011fsaqqallar\u0131n c\u0259miyy\u0259t\u0259 daha \u00e7ox inteqrasiya etm\u0259sin\u0259 b\u00f6y\u00fck imkanlar yarad\u0131l\u0131r. Hal-haz\u0131rda \u015eurada t\u0259\u015fkilati v\u0259 dig\u0259r vacib m\u0259s\u0259l\u0259l\u0259r \u00f6z h\u0259llini tapmaqdad\u0131r. \u018fminik ki, bu f\u0259aliyy\u0259t aktivliyi b\u00fct\u00fcn \u015f\u0259h\u0259r v\u0259 rayonlar\u0131m\u0131zda, o c\u00fcml\u0259d\u0259n Xa\u00e7mazda da \u00f6z\u00fcn\u00fc g\u00f6st\u0259r\u0259c\u0259kdir.<br \/>\nT\u0259dbird\u0259 t\u0259\u015fkilati m\u0259s\u0259l\u0259l\u0259r m\u00fczakir\u0259 edil\u0259r\u0259k\u00a0 Rayon A\u011fsaqqallar \u015euras\u0131n\u0131n yeni \u018fsasnam\u0259si q\u0259bul olunmu\u015f, h\u0259m\u00e7inin \u0130dar\u0259 Hey\u0259tinin v\u0259 T\u0259fti\u015f Komissiyas\u0131n\u0131n t\u0259rkibi formala\u015fd\u0131r\u0131lm\u0131\u015fd\u0131r. M\u0259h\u0259rr\u0259m Abbasov Rayon A\u011fsaqqallar \u015euras\u0131n\u0131n s\u0259dri se\u00e7ilmi\u015fdir.<br \/>\nSonda Az\u0259rbaycan A\u011fsaqqallar \u015euras\u0131n\u0131n s\u0259dr m\u00fcavini Tahir S\u00fcleymanov,\u00a0 Xa\u00e7maz Rayon \u0130cra Hakimiyy\u0259tinin ba\u015fc\u0131s\u0131 Elnur Rzayev v\u0259 dig\u0259r natiql\u0259r Xa\u00e7maz Rayon A\u011fsaqqallar \u015euras\u0131n\u0131n yeni se\u00e7ilmi\u015f s\u0259drini v\u0259 hey\u0259tini t\u0259brik ed\u0259r\u0259k, g\u0259l\u0259c\u0259k f\u0259aliyy\u0259tl\u0259rind\u0259 t\u0259\u015fkilat \u00fczvl\u0259rin\u0259 u\u011furlar arzulam\u0131\u015flar.<\/p>\n","protected":false},"excerpt":{"rendered":"<p>8 aprel 2021-ci id\u0259 Xa\u00e7mazda\u00a0 Rayon A\u011fsaqqallar \u015euras\u0131n\u0131n iclas\u0131 ke\u00e7irilmi\u015fdir.\u00a0 T\u0259dbird\u0259\u00a0 Az\u0259rbaycan A\u011fsaqqallar \u015euras\u0131n\u0131n s\u0259dr m\u00fcavini Tahir S\u00fcleymanov, Xa\u00e7maz Rayon<\/p>\n","protected":false},"author":1,"featured_media":2467,"comment_status":"open","ping_status":"open","sticky":false,"template":"","format":"standard","meta":{"cybocfi_hide_featured_image":"yes"},"categories":[26],"tags":[],"_links":{"self":[{"href":"https:\/\/agsaqqallarsurasi.az\/ru\/wp-json\/wp\/v2\/posts\/5605"}],"collection":[{"href":"https:\/\/agsaqqallarsurasi.az\/ru\/wp-json\/wp\/v2\/posts"}],"about":[{"href":"https:\/\/agsaqqallarsurasi.az\/ru\/wp-json\/wp\/v2\/types\/post"}],"author":[{"embeddable":true,"href":"https:\/\/agsaqqallarsurasi.az\/ru\/wp-json\/wp\/v2\/users\/1"}],"replies":[{"embeddable":true,"href":"https:\/\/agsaqqallarsurasi.az\/ru\/wp-json\/wp\/v2\/comments?post=5605"}],"version-history":[{"count":1,"href":"https:\/\/agsaqqallarsurasi.az\/ru\/wp-json\/wp\/v2\/posts\/5605\/revisions"}],"predecessor-version":[{"id":5606,"href":"https:\/\/agsaqqallarsurasi.az\/ru\/wp-json\/wp\/v2\/posts\/5605\/revisions\/5606"}],"wp:featuredmedia":[{"embeddable":true,"href":"https:\/\/agsaqqallarsurasi.az\/ru\/wp-json\/wp\/v2\/media\/2467"}],"wp:attachment":[{"href":"https:\/\/agsaqqallarsurasi.az\/ru\/wp-json\/wp\/v2\/media?parent=5605"}],"wp:term":[{"taxonomy":"category","embeddable":true,"href":"https:\/\/agsaqqallarsurasi.az\/ru\/wp-json\/wp\/v2\/categories?post=5605"},{"taxonomy":"post_tag","embeddable":true,"href":"https:\/\/agsaqqallarsurasi.az\/ru\/wp-json\/wp\/v2\/tags?post=5605"}],"curies":[{"name":"wp","href":"https:\/\/api.w.org\/{rel}","templated":true}]}}