{"id":5608,"date":"2021-08-02T18:02:29","date_gmt":"2021-08-02T14:02:29","guid":{"rendered":"https:\/\/agsaqqallarsurasi.az\/sabranda-rayon-agsaqqallar-surasinin-iclasi-kecirilib\/"},"modified":"2021-08-02T18:02:29","modified_gmt":"2021-08-02T14:02:29","slug":"sabranda-rayon-agsaqqallar-surasinin-iclasi-kecirilib","status":"publish","type":"post","link":"https:\/\/agsaqqallarsurasi.az\/ru\/sabranda-rayon-agsaqqallar-surasinin-iclasi-kecirilib\/","title":{"rendered":"\u015eabranda Rayon A\u011fsaqqallar \u015euras\u0131n\u0131n iclas\u0131 ke\u00e7irilib"},"content":{"rendered":"<p><img loading=\"lazy\" class=\"wp-image-445 alignleft\" src=\"https:\/\/agsaqqallarsurasi.az\/wp-content\/uploads\/2022\/04\/thumbnail_be69bb22604a1d9e4bc25d3ee194d63a.jpg\" alt=\"\" width=\"400\" height=\"259\" srcset=\"https:\/\/agsaqqallarsurasi.az\/wp-content\/uploads\/2022\/04\/thumbnail_be69bb22604a1d9e4bc25d3ee194d63a.jpg 799w, https:\/\/agsaqqallarsurasi.az\/wp-content\/uploads\/2022\/04\/thumbnail_be69bb22604a1d9e4bc25d3ee194d63a-300x194.jpg 300w, https:\/\/agsaqqallarsurasi.az\/wp-content\/uploads\/2022\/04\/thumbnail_be69bb22604a1d9e4bc25d3ee194d63a-768x497.jpg 768w, https:\/\/agsaqqallarsurasi.az\/wp-content\/uploads\/2022\/04\/thumbnail_be69bb22604a1d9e4bc25d3ee194d63a-600x388.jpg 600w, https:\/\/agsaqqallarsurasi.az\/wp-content\/uploads\/2022\/04\/thumbnail_be69bb22604a1d9e4bc25d3ee194d63a-150x97.jpg 150w\" sizes=\"(max-width: 400px) 100vw, 400px\" \/>Bak\u0131, 10 aprel,\u00a0AZ\u018fRTAC<\/p>\n<p>\u00d6lk\u0259d\u0259 t\u0259tbiq edil\u0259n x\u00fcsusi karantin rejiminin qaydalar\u0131na riay\u0259t olunmaqla \u015eabran Rayon A\u011fsaqqallar \u015euras\u0131n\u0131n m\u0259hdud t\u0259rkibd\u0259 iclas\u0131 ke\u00e7irilib.<\/p>\n<p>Az\u0259rbaycan A\u011fsaqqallar \u015euras\u0131ndan\u00a0AZ\u018fRTAC-a bildiribl\u0259r ki, t\u0259dbir i\u015ftirak\u00e7\u0131lar\u0131 \u0259vv\u0259lc\u0259 \u00fcmummilli lider Heyd\u0259r \u018fliyevin abid\u0259si \u00f6n\u00fcn\u0259 g\u00fcl d\u0259st\u0259l\u0259ri d\u00fcz\u00fcb, xatir\u0259sini ehtiramla an\u0131blar.<\/p>\n<p>\u0130clasda Az\u0259rbaycan\u0131n suverenliyi v\u0259 \u0259razi b\u00fct\u00f6vl\u00fcy\u00fc u\u011frunda \u015f\u0259hid olan V\u0259t\u0259n \u00f6vladlar\u0131n\u0131n, habel\u0259 \u00f6t\u0259n d\u00f6vr \u0259rzind\u0259 d\u00fcnyas\u0131n\u0131 d\u0259yi\u015f\u0259n a\u011fsaqqallar\u0131n xatir\u0259si bir d\u0259qiq\u0259lik s\u00fckutla yad edilib.<\/p>\n<p>\u015eabran Rayon \u0130cra Hakimiyy\u0259tinin ba\u015f\u00e7\u0131s\u0131 Asif H\u00fcseynov \u00e7\u0131x\u0131\u015f ed\u0259r\u0259k, Az\u0259rbaycan\u0131n h\u0259r bir b\u00f6lg\u0259sind\u0259 oldu\u011fu kimi, \u015eabranda da a\u011fsaqqallara b\u00f6y\u00fck d\u0259y\u0259r verilm\u0259sind\u0259n, onlar\u0131n da \u00f6z n\u00f6vb\u0259l\u0259rind\u0259 rayonun ictimai-m\u0259d\u0259ni h\u0259yat\u0131nda \u0259h\u0259miyy\u0259tli rol oynamalar\u0131ndan b\u0259hs edib. Qeyd olunub ki, g\u0259ncl\u0259rimizin d\u00f6vl\u0259t\u0259, d\u00f6vl\u0259t\u00e7iliy\u0259 v\u0259 xalqa s\u0259daq\u0259t, o c\u00fcml\u0259d\u0259n milli-m\u0259n\u0259vi d\u0259y\u0259rl\u0259r\u0259 h\u00f6rm\u0259t v\u0259 v\u0259t\u0259np\u0259rv\u0259rlik ruhunda, sa\u011flam t\u0259m\u0259l \u00fcz\u0259rind\u0259 yeti\u015fdirilm\u0259si i\u015find\u0259 a\u011fsaqqallara h\u0259mi\u015f\u0259 b\u00f6y\u00fck ehtiyac duyulub. H\u0259m\u00e7inin \u015eabran\u0131n inki\u015faf\u0131nda rayon a\u011fsaqqallar\u0131n\u0131n da \u00fcz\u0259rin\u0259 m\u00fc\u0259yy\u0259n v\u0259zif\u0259l\u0259r d\u00fc\u015fd\u00fcy\u00fc, onlar\u0131n h\u0259r birinin f\u0259dakar \u0259m\u0259yi vur\u011fulan\u0131b.<\/p>\n<p>Az\u0259rbaycan A\u011fsaqqallar \u015euras\u0131n\u0131n s\u0259dr m\u00fcavini Tahir S\u00fcleymanov \u00e7\u0131x\u0131\u015f ed\u0259r\u0259k bildirib ki, tariximizin \u015fanl\u0131 s\u0259hif\u0259sin\u0259 q\u0131z\u0131l h\u0259rfl\u0259rl\u0259 yaz\u0131lm\u0131\u015f 44 g\u00fcnl\u00fck V\u0259t\u0259n m\u00fcharib\u0259sind\u0259 M\u00fcz\u0259ff\u0259r Ali Ba\u015f Komandan \u0130lham \u018fliyevin r\u0259hb\u0259rliyi il\u0259 \u015fanl\u0131 Ordumuzun qazand\u0131\u011f\u0131 parlaq Q\u0259l\u0259b\u0259 a\u011fsaqqallarda da b\u00f6y\u00fck ruh y\u00fcks\u0259kliyi, t\u00fck\u0259nm\u0259z f\u0259aliyy\u0259t \u0259zmi yarad\u0131b. Qeyd edilib ki, g\u0259nc n\u0259slin t\u0259rbiy\u0259si istiqam\u0259tind\u0259 Prezident \u0130lham \u018fliyevin siyasi, iqtisadi, h\u0259rbi v\u0259 m\u0259n\u0259vi istiqam\u0259tl\u0259rd\u0259 apard\u0131\u011f\u0131 m\u0259qs\u0259dy\u00f6nl\u00fc siyas\u0259tin v\u0259 bu siyas\u0259ti h\u0259r zaman d\u0259st\u0259kl\u0259y\u0259n xalq\u0131m\u0131z\u0131n, o c\u00fcml\u0259d\u0259n a\u011fsaqqallar\u0131n s\u0259yi n\u0259tic\u0259sind\u0259 yeti\u015f\u0259n g\u0259ncl\u0259rimiz \u00f6z canlar\u0131n\u0131 qurban ver\u0259r\u0259k torpaqlar\u0131m\u0131z\u0131 azad etdil\u0259r. V\u0259t\u0259np\u0259rv\u0259r g\u0259ncl\u0259rimizin bu q\u0259hr\u0259manl\u0131q salnam\u0259si b\u00fct\u00fcn d\u00fcnya xalqlar\u0131n\u0131n g\u0259ncl\u0259ri \u00fc\u00e7\u00fcn bir \u00f6rn\u0259y\u0259 \u00e7evrildi. Art\u0131q azad olunmu\u015f h\u0259min torpaqlar\u0131m\u0131zda apar\u0131lan quruculuq i\u015fl\u0259rind\u0259n b\u0259hs ed\u0259n Tahir S\u00fcleymanov \u0259minliyini bildirib ki, tezlikl\u0259 Prezident \u0130lham \u018fliyevin v\u0259 Birinci vitse-prezident Mehriban xan\u0131m \u018fliyevan\u0131n f\u0259dakar \u0259m\u0259yi v\u0259 t\u00fck\u0259nm\u0259z s\u0259yl\u0259ri n\u0259tic\u0259sind\u0259 Az\u0259rbaycan\u0131n bu dilb\u0259r gu\u015f\u0259si yenid\u0259n \u00f6z g\u00f6z\u0259lliyin\u0259 qovu\u015facaqd\u0131r. Respublika A\u011fsaqqallar \u015euras\u0131 da b\u00f6y\u00fck ruh y\u00fcks\u0259kliyi il\u0259 h\u0259min b\u00f6lg\u0259l\u0259rd\u0259 \u00f6z f\u0259aliyy\u0259tini b\u0259rpa ed\u0259c\u0259k. Tahir S\u00fcleymanov onu da vur\u011fulay\u0131b ki, haz\u0131rda Az\u0259rbaycan A\u011fsaqqallar \u015euras\u0131n\u0131n f\u0259aliyy\u0259tind\u0259 ciddi f\u0259all\u0131q m\u00fc\u015fahid\u0259 olunur.<\/p>\n<p>Sonra iclasda t\u0259\u015fkilati m\u0259s\u0259l\u0259l\u0259r m\u00fczakir\u0259 olunub. \u015eabran Rayon A\u011fsaqqallar \u015euras\u0131n\u0131n yeni \u018fsasnam\u0259si a\u00e7\u0131q s\u0259sverm\u0259 yolu il\u0259 q\u0259bul edilib.<\/p>\n<p>H\u0259m\u00e7inin Rayon A\u011fsaqqallar \u015euras\u0131n\u0131n s\u0259dri, o c\u00fcml\u0259d\u0259n \u0130dar\u0259 Hey\u0259tinin v\u0259 T\u0259fti\u015f Komissiyas\u0131n\u0131n \u00fczvl\u0259ri se\u00e7ilibl\u0259r.<\/p>\n","protected":false},"excerpt":{"rendered":"<p>Bak\u0131, 10 aprel,\u00a0AZ\u018fRTAC \u00d6lk\u0259d\u0259 t\u0259tbiq edil\u0259n x\u00fcsusi karantin rejiminin qaydalar\u0131na riay\u0259t olunmaqla \u015eabran Rayon A\u011fsaqqallar \u015euras\u0131n\u0131n m\u0259hdud t\u0259rkibd\u0259 iclas\u0131 ke\u00e7irilib.<\/p>\n","protected":false},"author":1,"featured_media":2465,"comment_status":"open","ping_status":"open","sticky":false,"template":"","format":"standard","meta":{"cybocfi_hide_featured_image":"yes"},"categories":[26],"tags":[],"_links":{"self":[{"href":"https:\/\/agsaqqallarsurasi.az\/ru\/wp-json\/wp\/v2\/posts\/5608"}],"collection":[{"href":"https:\/\/agsaqqallarsurasi.az\/ru\/wp-json\/wp\/v2\/posts"}],"about":[{"href":"https:\/\/agsaqqallarsurasi.az\/ru\/wp-json\/wp\/v2\/types\/post"}],"author":[{"embeddable":true,"href":"https:\/\/agsaqqallarsurasi.az\/ru\/wp-json\/wp\/v2\/users\/1"}],"replies":[{"embeddable":true,"href":"https:\/\/agsaqqallarsurasi.az\/ru\/wp-json\/wp\/v2\/comments?post=5608"}],"version-history":[{"count":0,"href":"https:\/\/agsaqqallarsurasi.az\/ru\/wp-json\/wp\/v2\/posts\/5608\/revisions"}],"wp:featuredmedia":[{"embeddable":true,"href":"https:\/\/agsaqqallarsurasi.az\/ru\/wp-json\/wp\/v2\/media\/2465"}],"wp:attachment":[{"href":"https:\/\/agsaqqallarsurasi.az\/ru\/wp-json\/wp\/v2\/media?parent=5608"}],"wp:term":[{"taxonomy":"category","embeddable":true,"href":"https:\/\/agsaqqallarsurasi.az\/ru\/wp-json\/wp\/v2\/categories?post=5608"},{"taxonomy":"post_tag","embeddable":true,"href":"https:\/\/agsaqqallarsurasi.az\/ru\/wp-json\/wp\/v2\/tags?post=5608"}],"curies":[{"name":"wp","href":"https:\/\/api.w.org\/{rel}","templated":true}]}}