{"id":5621,"date":"2021-08-02T17:57:56","date_gmt":"2021-08-02T13:57:56","guid":{"rendered":"https:\/\/agsaqqallarsurasi.az\/agsaqqallar-surasinin-bil%c9%99suvar-v%c9%99-salyan-rayon-t%c9%99skilatlarinin-hesabat-secki-konfranslari-kecirilib\/"},"modified":"2022-11-08T22:09:25","modified_gmt":"2022-11-08T18:09:25","slug":"agsaqqallar-surasinin-bil%c9%99suvar-v%c9%99-salyan-rayon-t%c9%99skilatlarinin-hesabat-secki-konfranslari-kecirilib","status":"publish","type":"post","link":"https:\/\/agsaqqallarsurasi.az\/ru\/agsaqqallar-surasinin-bil%c9%99suvar-v%c9%99-salyan-rayon-t%c9%99skilatlarinin-hesabat-secki-konfranslari-kecirilib\/","title":{"rendered":"A\u011fsaqqallar \u015euras\u0131n\u0131n Bil\u0259suvar v\u0259 Salyan rayon t\u0259\u015fkilatlar\u0131n\u0131n hesabat-se\u00e7ki konfranslar\u0131 ke\u00e7irilib"},"content":{"rendered":"<p><img loading=\"lazy\" class=\"wp-image-433 alignleft\" src=\"https:\/\/agsaqqallarsurasi.az\/wp-content\/uploads\/2022\/04\/thumbnail_50da8f9f029db2012b59de511322634d.jpg\" alt=\"\" width=\"400\" height=\"258\" srcset=\"https:\/\/agsaqqallarsurasi.az\/wp-content\/uploads\/2022\/04\/thumbnail_50da8f9f029db2012b59de511322634d.jpg 799w, https:\/\/agsaqqallarsurasi.az\/wp-content\/uploads\/2022\/04\/thumbnail_50da8f9f029db2012b59de511322634d-300x194.jpg 300w, https:\/\/agsaqqallarsurasi.az\/wp-content\/uploads\/2022\/04\/thumbnail_50da8f9f029db2012b59de511322634d-768x496.jpg 768w, https:\/\/agsaqqallarsurasi.az\/wp-content\/uploads\/2022\/04\/thumbnail_50da8f9f029db2012b59de511322634d-600x387.jpg 600w, https:\/\/agsaqqallarsurasi.az\/wp-content\/uploads\/2022\/04\/thumbnail_50da8f9f029db2012b59de511322634d-150x97.jpg 150w\" sizes=\"(max-width: 400px) 100vw, 400px\" \/>Bak\u0131, 7 may,\u00a0AZ\u018fRTAC<\/p>\n<p>Az\u0259rbaycan A\u011fsaqqallar \u015euras\u0131 \u00f6lk\u0259mizin \u015f\u0259h\u0259r v\u0259 rayonlar\u0131nda t\u0259dbirl\u0259rini davam etdirir. May ay\u0131n\u0131n 6-da \u015euran\u0131n s\u0259dr m\u00fcavini, professor Elmira S\u00fcleymanovan\u0131n i\u015ftirak\u0131 il\u0259 Bil\u0259suvar v\u0259 Salyan rayon t\u0259\u015fkilatlar\u0131n\u0131n hesabat-se\u00e7ki konfranslar\u0131 ke\u00e7irilib.<\/p>\n<p>A\u011fsaqqallar \u015euras\u0131n\u0131n m\u0259tbuat xidm\u0259tind\u0259n\u00a0AZ\u018fRTAC-a bildiribl\u0259r ki, Az\u0259rbaycan Respublikas\u0131 Nazirl\u0259r Kabineti yan\u0131nda Operativ Q\u0259rargah\u0131n x\u00fcsusi karantin rejimi qaydalar\u0131na riay\u0259t olunmaqla m\u0259hdud t\u0259rkibd\u0259 ke\u00e7iril\u0259n t\u0259dbirl\u0259rd\u0259 a\u011fsaqqallarla yana\u015f\u0131, rayon icra hakimiyy\u0259tl\u0259rinin r\u0259hb\u0259rl\u0259ri d\u0259 i\u015ftirak edibl\u0259r.<\/p>\n<p>T\u0259dbir i\u015ftirak\u00e7\u0131lar\u0131 \u0259vv\u0259lc\u0259 ulu \u00f6nd\u0259r Heyd\u0259r \u018fliyevin abid\u0259si \u00f6n\u00fcn\u0259 g\u00fcl d\u0259st\u0259l\u0259ri qoyub, xatir\u0259sini ehtiramla yad edibl\u0259r.<\/p>\n<p>Konfranslarda \u0259vv\u0259lc\u0259 torpaqlar\u0131m\u0131z\u0131n azadl\u0131\u011f\u0131 u\u011frunda h\u0259lak olmu\u015f \u015f\u0259hidl\u0259rin v\u0259 d\u00fcnyas\u0131n\u0131 d\u0259yi\u015fmi\u015f a\u011fsaqqallar\u0131n xatir\u0259si bir d\u0259qiq\u0259lik s\u00fckutla yad edilib.<\/p>\n<p>T\u0259dbirl\u0259rd\u0259 \u00e7\u0131x\u0131\u015f ed\u0259n Az\u0259rbaycan A\u011fsaqqallar \u015euras\u0131n\u0131n s\u0259dr m\u00fcavini, professor Elmira S\u00fcleymanova Bil\u0259suvar v\u0259 Salyan a\u011fsaqqallar\u0131 il\u0259 g\u00f6r\u00fc\u015fm\u0259sind\u0259n \u00e7ox \u015fad oldu\u011funu bildirib, \u015eura s\u0259drinin salamlar\u0131n\u0131 onlara \u00e7atd\u0131r\u0131b.<\/p>\n<p>Elmira S\u00fcleymanova b\u00f6y\u00fck q\u00fcrur hissi il\u0259 qeyd edib ki, Prezident, M\u00fcz\u0259ff\u0259r Ali Ba\u015f Komandan \u0130lham \u018fliyevin r\u0259hb\u0259rliyi il\u0259 r\u0259\u015fad\u0259tli Ordumuzun apard\u0131\u011f\u0131 44 g\u00fcnl\u00fck V\u0259t\u0259n m\u00fcharib\u0259si Az\u0259rbaycan\u0131n \u015fanl\u0131 Q\u0259l\u0259b\u0259si v\u0259 Erm\u0259nistan\u0131n tam t\u0259slim olmas\u0131 il\u0259 n\u0259tic\u0259l\u0259nib. \u018fz\u0259li v\u0259 \u0259b\u0259di torpaqlar\u0131m\u0131z 30 illik erm\u0259ni i\u015f\u011fal\u0131ndan azad edil\u0259r\u0259k, \u00f6lk\u0259mizin \u0259razi b\u00fct\u00f6vl\u00fcy\u00fc b\u0259rpa olunub. Bildirilib ki, \u015fanl\u0131 Ordumuzun z\u0259f\u0259r y\u00fcr\u00fc\u015f\u00fc, d\u00fc\u015fm\u0259nin b\u00fct\u00fcn torpaqlar\u0131m\u0131zdan qovulmas\u0131, Qaraba\u011f m\u00fcnaqi\u015f\u0259sinin u\u011furla v\u0259 \u0259dal\u0259tl\u0259 h\u0259ll edilm\u0259si ya\u015fad\u0131\u011f\u0131m\u0131z b\u00fct\u00fcn b\u00f6lg\u0259d\u0259 s\u00fclh\u0259 v\u0259 t\u0259hl\u00fck\u0259sizliy\u0259 \u0259v\u0259zsiz t\u00f6hf\u0259 olub. Sava\u015f meydan\u0131nda qazan\u0131lan bu tarixi Q\u0259l\u0259b\u0259nin ard\u0131nca Az\u0259rbaycan\u0131 daha firavan h\u0259yat g\u00f6zl\u0259yir. Vur\u011fulan\u0131b ki, \u00fcmummilli lider Heyd\u0259r \u018fliyev t\u0259r\u0259find\u0259n \u0259sas\u0131 qoyulmu\u015f a\u011fsaqqallara v\u0259 ah\u0131l v\u0259t\u0259nda\u015flara d\u00f6vl\u0259tin diqq\u0259t v\u0259 qay\u011f\u0131 siyas\u0259ti bu g\u00fcn Prezident \u0130lham \u018fliyev t\u0259r\u0259find\u0259n u\u011furla davam etdirilir.<\/p>\n<p>Az\u0259rbaycan A\u011fsaqqallar \u015euras\u0131n\u0131n f\u0259aliyy\u0259t istiqam\u0259tl\u0259ri, m\u0259qs\u0259d v\u0259 v\u0259zif\u0259l\u0259ri bar\u0259d\u0259 fikirl\u0259rini b\u00f6l\u00fc\u015f\u0259n Elmira S\u00fcleymanova qeyd edib ki, onlar\u0131n Bil\u0259suvar v\u0259 Salyan rayonlar\u0131na g\u0259lm\u0259kd\u0259 \u0259sas m\u0259qs\u0259dl\u0259ri \u015euran\u0131n rayon t\u0259\u015fkilatlar\u0131na s\u0259dr, h\u0259m\u00e7inin \u0130dar\u0259 Hey\u0259ti v\u0259 T\u0259fti\u015f Komissiyas\u0131 se\u00e7kil\u0259rind\u0259 i\u015ftirak etm\u0259kdir. \u00c7ox sevindirici hald\u0131r ki, haz\u0131rda Respublika A\u011fsaqqallar \u015euras\u0131 daha aktiv f\u0259aliyy\u0259t g\u00f6st\u0259r\u0259r\u0259k, c\u0259miyy\u0259timizin v\u0259 d\u00f6vl\u0259timizin inki\u015faf\u0131nda layiqli rol oynay\u0131r.<\/p>\n<p>Konfranslarda \u00e7\u0131x\u0131\u015f ed\u0259n Bil\u0259suvar v\u0259 Salyan Rayon \u0130cra hakimiyy\u0259tl\u0259rinin ba\u015f\u00e7\u0131lar\u0131 bildiribl\u0259r ki, a\u011fsaqqallar \u00f6lk\u0259mizin ictimai-m\u0259d\u0259ni h\u0259yat\u0131nda h\u0259mi\u015f\u0259 m\u00fch\u00fcm rol oynay\u0131blar v\u0259 Az\u0259rbaycanda \u201ca\u011fsaqqal\u201d s\u00f6z\u00fc h\u0259r zaman b\u00f6y\u00fck m\u0259na da\u015f\u0131y\u0131b, x\u00fcsusi \u0259h\u0259miyy\u0259t k\u0259sb edib. Qeyd edilib ki, d\u00f6vl\u0259timizin ba\u015f\u00e7\u0131s\u0131 \u0130lham \u018fliyevin r\u0259hb\u0259rliyi il\u0259 h\u0259yata ke\u00e7iril\u0259n dinamik inki\u015faf prosesind\u0259 a\u011fsaqqallar\u0131n f\u0259aliyy\u0259ti dan\u0131lmazd\u0131r. H\u0259m\u00e7inin rayonlar\u0131n sosial-iqtisadi inki\u015faf\u0131nda da a\u011fsaqqallar\u0131n b\u00f6y\u00fck \u0259m\u0259yi var.<\/p>\n<p>Daha sonra t\u0259\u015fkilati m\u0259s\u0259l\u0259l\u0259r m\u00fczakir\u0259 olunub, yeni \u0259sasnam\u0259l\u0259r q\u0259bul edilib. \u018fli Babayev Bil\u0259suvar Rayon A\u011fsaqqallar \u015euras\u0131n\u0131n, Beydulla \u0130manov is\u0259 Salyan Rayon A\u011fsaqqallar \u015euras\u0131n\u0131n s\u0259dri se\u00e7ilibl\u0259r. H\u0259m\u00e7inin h\u0259r iki rayon t\u0259\u015fkilat\u0131n\u0131n \u0130dar\u0259 Hey\u0259tinin v\u0259 T\u0259fti\u015f Komissiyas\u0131n\u0131n yeni t\u0259rkibi formala\u015fd\u0131r\u0131l\u0131b.<\/p>\n<p>Sonda yeni se\u00e7ilmi\u015f s\u0259drl\u0259r, \u0130dar\u0259 Hey\u0259tl\u0259rinin v\u0259 T\u0259fti\u015f Komissiyalar\u0131n\u0131n \u00fczvl\u0259ri onlara g\u00f6st\u0259ril\u0259n y\u00fcks\u0259k etimada g\u00f6r\u0259 minn\u0259tdarl\u0131qlar\u0131n\u0131 ifad\u0259 edib, bu etimad\u0131 do\u011frultmaq \u00fc\u00e7\u00fcn potensiallar\u0131ndan maksimum \u015f\u0259kild\u0259 istifad\u0259 ed\u0259c\u0259kl\u0259rini bildiribl\u0259r.<\/p>\n","protected":false},"excerpt":{"rendered":"<p>Bak\u0131, 7 may,\u00a0AZ\u018fRTAC Az\u0259rbaycan A\u011fsaqqallar \u015euras\u0131 \u00f6lk\u0259mizin \u015f\u0259h\u0259r v\u0259 rayonlar\u0131nda t\u0259dbirl\u0259rini davam etdirir. May ay\u0131n\u0131n 6-da \u015euran\u0131n s\u0259dr m\u00fcavini, professor<\/p>\n","protected":false},"author":1,"featured_media":2457,"comment_status":"open","ping_status":"open","sticky":false,"template":"","format":"standard","meta":{"cybocfi_hide_featured_image":"yes"},"categories":[26],"tags":[],"_links":{"self":[{"href":"https:\/\/agsaqqallarsurasi.az\/ru\/wp-json\/wp\/v2\/posts\/5621"}],"collection":[{"href":"https:\/\/agsaqqallarsurasi.az\/ru\/wp-json\/wp\/v2\/posts"}],"about":[{"href":"https:\/\/agsaqqallarsurasi.az\/ru\/wp-json\/wp\/v2\/types\/post"}],"author":[{"embeddable":true,"href":"https:\/\/agsaqqallarsurasi.az\/ru\/wp-json\/wp\/v2\/users\/1"}],"replies":[{"embeddable":true,"href":"https:\/\/agsaqqallarsurasi.az\/ru\/wp-json\/wp\/v2\/comments?post=5621"}],"version-history":[{"count":1,"href":"https:\/\/agsaqqallarsurasi.az\/ru\/wp-json\/wp\/v2\/posts\/5621\/revisions"}],"predecessor-version":[{"id":5623,"href":"https:\/\/agsaqqallarsurasi.az\/ru\/wp-json\/wp\/v2\/posts\/5621\/revisions\/5623"}],"wp:featuredmedia":[{"embeddable":true,"href":"https:\/\/agsaqqallarsurasi.az\/ru\/wp-json\/wp\/v2\/media\/2457"}],"wp:attachment":[{"href":"https:\/\/agsaqqallarsurasi.az\/ru\/wp-json\/wp\/v2\/media?parent=5621"}],"wp:term":[{"taxonomy":"category","embeddable":true,"href":"https:\/\/agsaqqallarsurasi.az\/ru\/wp-json\/wp\/v2\/categories?post=5621"},{"taxonomy":"post_tag","embeddable":true,"href":"https:\/\/agsaqqallarsurasi.az\/ru\/wp-json\/wp\/v2\/tags?post=5621"}],"curies":[{"name":"wp","href":"https:\/\/api.w.org\/{rel}","templated":true}]}}