{"id":5635,"date":"2021-08-02T17:46:04","date_gmt":"2021-08-02T13:46:04","guid":{"rendered":"https:\/\/agsaqqallarsurasi.az\/agsaqqallar-olk%c9%99mizin-ictimai-m%c9%99d%c9%99ni-h%c9%99yatinda-muhum-rol-oynayirlar\/"},"modified":"2021-08-02T17:46:04","modified_gmt":"2021-08-02T13:46:04","slug":"agsaqqallar-olk%c9%99mizin-ictimai-m%c9%99d%c9%99ni-h%c9%99yatinda-muhum-rol-oynayirlar","status":"publish","type":"post","link":"https:\/\/agsaqqallarsurasi.az\/ru\/agsaqqallar-olk%c9%99mizin-ictimai-m%c9%99d%c9%99ni-h%c9%99yatinda-muhum-rol-oynayirlar\/","title":{"rendered":"A\u011fsaqqallar \u00f6lk\u0259mizin ictimai-m\u0259d\u0259ni h\u0259yat\u0131nda m\u00fch\u00fcm rol oynay\u0131rlar"},"content":{"rendered":"<p><img loading=\"lazy\" class=\"alignnone wp-image-414\" src=\"https:\/\/agsaqqallarsurasi.az\/wp-content\/uploads\/2022\/04\/thumbnail_904715b12c373935f969d935bf0a56d4.jpg\" alt=\"\" width=\"400\" height=\"258\" srcset=\"https:\/\/agsaqqallarsurasi.az\/wp-content\/uploads\/2022\/04\/thumbnail_904715b12c373935f969d935bf0a56d4.jpg 799w, https:\/\/agsaqqallarsurasi.az\/wp-content\/uploads\/2022\/04\/thumbnail_904715b12c373935f969d935bf0a56d4-300x194.jpg 300w, https:\/\/agsaqqallarsurasi.az\/wp-content\/uploads\/2022\/04\/thumbnail_904715b12c373935f969d935bf0a56d4-768x496.jpg 768w, https:\/\/agsaqqallarsurasi.az\/wp-content\/uploads\/2022\/04\/thumbnail_904715b12c373935f969d935bf0a56d4-600x387.jpg 600w, https:\/\/agsaqqallarsurasi.az\/wp-content\/uploads\/2022\/04\/thumbnail_904715b12c373935f969d935bf0a56d4-150x97.jpg 150w\" sizes=\"(max-width: 400px) 100vw, 400px\" \/>Bak\u0131, 7 aprel,\u00a0AZ\u018fRTAC<\/p>\n<p>Aprelin 7-d\u0259 Saatl\u0131 Rayon \u0130cra Hakimiyy\u0259tinin konfrans zal\u0131nda x\u00fcsusi karantin rejimi qaydalar\u0131na riay\u0259t olunmaqla Rayon A\u011fsaqqallar \u015euras\u0131n\u0131n iclas\u0131 ke\u00e7irilib.<\/p>\n<p>AZ\u018fRTAC\u00a0x\u0259b\u0259r verir ki, t\u0259dbir \u00fcmummilli lider Heyd\u0259r \u018fliyevin, Az\u0259rbaycan\u0131n suverenliyi v\u0259 \u0259razi b\u00fct\u00f6vl\u00fcy\u00fc u\u011frunda \u015f\u0259hid olanlar\u0131n xatir\u0259sinin bir d\u0259qiq\u0259lik s\u00fckutla yad edilm\u0259si il\u0259 ba\u015flay\u0131b.<\/p>\n<p>\u0130clasda \u00e7\u0131x\u0131\u015f ed\u0259n Saatl\u0131 Rayon \u0130cra Hakimiyy\u0259tinin ba\u015f\u00e7\u0131s\u0131 Elmir Ba\u011f\u0131rov bildirib ki, Az\u0259rbaycan A\u011fsaqqallar \u015euras\u0131 c\u0259miyy\u0259timizin, x\u00fcsusil\u0259 d\u0259 yeniyetm\u0259 v\u0259 g\u0259ncl\u0259rin V\u0259t\u0259n\u0259 m\u0259h\u0259bb\u0259t, milli-m\u0259n\u0259vi d\u0259y\u0259rl\u0259rimiz\u0259 v\u0259 ad\u0259t-\u0259n\u0259n\u0259l\u0259rimiz\u0259 h\u00f6rm\u0259t ruhunda t\u0259rbiy\u0259 edilm\u0259sind\u0259 v\u0259 maarifl\u0259nm\u0259sind\u0259 \u00fcz\u0259rin\u0259 d\u00fc\u015f\u0259n \u00f6hd\u0259likl\u0259ri layiqinc\u0259 yerin\u0259 yetirir.<\/p>\n<p>A\u011fsaqqallar \u015euras\u0131n\u0131n s\u0259drinin birinci m\u00fcavini, Milli M\u0259clisin S\u0259hiyy\u0259 komit\u0259sinin s\u0259dri akademik \u018fhliman \u018fmiraslanov bildirib ki, \u00f6lk\u0259mizin ictimai-siyasi h\u0259yat\u0131nda yax\u0131ndan i\u015ftirak ed\u0259r\u0259k, \u00f6z f\u0259aliyy\u0259tini bir \u00e7ox istiqam\u0259tl\u0259rd\u0259 quran Az\u0259rbaycan A\u011fsaqqallar \u015euras\u0131nda t\u0259msil olunan respublika a\u011fsaqqallar\u0131 ulu \u00f6nd\u0259r Heyd\u0259r \u018fliyevin layiqli davam\u00e7\u0131s\u0131 Prezident \u0130lham \u018fliyevin h\u0259r zaman xalq\u0131n m\u0259nafeyin\u0259 xidm\u0259t ed\u0259n daxili v\u0259 xarici siyas\u0259tini d\u0259st\u0259kl\u0259yir, g\u0259nc n\u0259slin milli ad\u0259t-\u0259n\u0259n\u0259l\u0259r\u0259, az\u0259rbaycan\u00e7\u0131l\u0131q m\u0259fkur\u0259sin\u0259 ba\u011fl\u0131l\u0131q ruhunda t\u0259rbiy\u0259si i\u015fin\u0259 x\u00fcsusi diqq\u0259t yetirir, dinamik inki\u015faf ed\u0259n \u00f6lk\u0259mizin g\u0259l\u0259c\u0259yi namin\u0259 \u00f6z q\u00fcvv\u0259, bilik v\u0259 bacar\u0131qlar\u0131n\u0131 \u0259sirg\u0259mirl\u0259r. A\u011fsaqqallar\u0131n \u00f6lk\u0259mizin ictimai-m\u0259d\u0259ni h\u0259yat\u0131nda rolundan, ya\u015fl\u0131 n\u0259slin n\u00fcmay\u0259nd\u0259l\u0259rin\u0259 g\u00f6st\u0259ril\u0259n d\u00f6vl\u0259t qay\u011f\u0131s\u0131ndan dan\u0131\u015f\u0131b, g\u0259ncl\u0259rin d\u00f6vl\u0259t\u0259, xalqa s\u0259daq\u0259t ruhunda, z\u0259r\u0259rli t\u0259sirl\u0259rd\u0259n uzaq v\u0259 sa\u011flam \u0259saslar \u00fcz\u0259rind\u0259 t\u0259rbiy\u0259si i\u015find\u0259 a\u011fsaqqallara h\u0259r zaman b\u00f6y\u00fck ehtiyac oldu\u011funu diqq\u0259t\u0259 \u00e7atd\u0131r\u0131b.<\/p>\n<p>Akademik \u018fhliman \u018fmiraslanov, h\u0259m\u00e7inin Prezident \u0130lham \u018fliyevin \u00f6lk\u0259nin a\u011fsaqqal v\u0259 ziyal\u0131lar\u0131n\u0131 diqq\u0259td\u0259 saxlad\u0131\u011f\u0131n\u0131, daim onlara qay\u011f\u0131 g\u00f6st\u0259rdiyind\u0259n dan\u0131\u015f\u0131b, onun ulu \u00f6nd\u0259r Heyd\u0259r \u018fliyevin qoydu\u011fu bu \u0259n\u0259n\u0259y\u0259 b\u00f6y\u00fck \u00f6n\u0259m verdiyini x\u00fcsusi vur\u011fulay\u0131b.<\/p>\n<p>T\u0259dbird\u0259 S\u0259daf\u0259r H\u00fcseynov Saatl\u0131 Rayon A\u011fsaqqallar \u015euras\u0131n\u0131n yeni s\u0259dri se\u00e7ilib. H\u0259m\u00e7inin qurumun \u0130dar\u0259 Hey\u0259tinin v\u0259 T\u0259fti\u015f Komissiyas\u0131n\u0131n yeni \u00fczvl\u0259ri m\u00fc\u0259yy\u0259nl\u0259\u015fib.<\/p>\n","protected":false},"excerpt":{"rendered":"<p>Bak\u0131, 7 aprel,\u00a0AZ\u018fRTAC Aprelin 7-d\u0259 Saatl\u0131 Rayon \u0130cra Hakimiyy\u0259tinin konfrans zal\u0131nda x\u00fcsusi karantin rejimi qaydalar\u0131na riay\u0259t olunmaqla Rayon A\u011fsaqqallar \u015euras\u0131n\u0131n<\/p>\n","protected":false},"author":1,"featured_media":2445,"comment_status":"open","ping_status":"open","sticky":false,"template":"","format":"standard","meta":{"cybocfi_hide_featured_image":"yes"},"categories":[26],"tags":[],"_links":{"self":[{"href":"https:\/\/agsaqqallarsurasi.az\/ru\/wp-json\/wp\/v2\/posts\/5635"}],"collection":[{"href":"https:\/\/agsaqqallarsurasi.az\/ru\/wp-json\/wp\/v2\/posts"}],"about":[{"href":"https:\/\/agsaqqallarsurasi.az\/ru\/wp-json\/wp\/v2\/types\/post"}],"author":[{"embeddable":true,"href":"https:\/\/agsaqqallarsurasi.az\/ru\/wp-json\/wp\/v2\/users\/1"}],"replies":[{"embeddable":true,"href":"https:\/\/agsaqqallarsurasi.az\/ru\/wp-json\/wp\/v2\/comments?post=5635"}],"version-history":[{"count":0,"href":"https:\/\/agsaqqallarsurasi.az\/ru\/wp-json\/wp\/v2\/posts\/5635\/revisions"}],"wp:featuredmedia":[{"embeddable":true,"href":"https:\/\/agsaqqallarsurasi.az\/ru\/wp-json\/wp\/v2\/media\/2445"}],"wp:attachment":[{"href":"https:\/\/agsaqqallarsurasi.az\/ru\/wp-json\/wp\/v2\/media?parent=5635"}],"wp:term":[{"taxonomy":"category","embeddable":true,"href":"https:\/\/agsaqqallarsurasi.az\/ru\/wp-json\/wp\/v2\/categories?post=5635"},{"taxonomy":"post_tag","embeddable":true,"href":"https:\/\/agsaqqallarsurasi.az\/ru\/wp-json\/wp\/v2\/tags?post=5635"}],"curies":[{"name":"wp","href":"https:\/\/api.w.org\/{rel}","templated":true}]}}