{"id":5639,"date":"2021-08-02T16:19:02","date_gmt":"2021-08-02T12:19:02","guid":{"rendered":"https:\/\/agsaqqallarsurasi.az\/s%c9%99mkir-v%c9%99-g%c9%99d%c9%99b%c9%99yd%c9%99-agsaqqallar-surasinin-rayon-t%c9%99skilatlarinin-hesabat-secki-konfransi-kecirilib\/"},"modified":"2021-08-02T16:19:02","modified_gmt":"2021-08-02T12:19:02","slug":"s%c9%99mkir-v%c9%99-g%c9%99d%c9%99b%c9%99yd%c9%99-agsaqqallar-surasinin-rayon-t%c9%99skilatlarinin-hesabat-secki-konfransi-kecirilib","status":"publish","type":"post","link":"https:\/\/agsaqqallarsurasi.az\/ru\/s%c9%99mkir-v%c9%99-g%c9%99d%c9%99b%c9%99yd%c9%99-agsaqqallar-surasinin-rayon-t%c9%99skilatlarinin-hesabat-secki-konfransi-kecirilib\/","title":{"rendered":"\u015e\u0259mkir v\u0259 G\u0259d\u0259b\u0259yd\u0259 A\u011fsaqqallar \u015euras\u0131n\u0131n rayon t\u0259\u015fkilatlar\u0131n\u0131n hesabat-se\u00e7ki konfrans\u0131 ke\u00e7irilib"},"content":{"rendered":"<p><img loading=\"lazy\" class=\"alignleft wp-image-408\" src=\"https:\/\/agsaqqallarsurasi.az\/wp-content\/uploads\/2022\/04\/thumbnail_aa33e1c1a2d5f18548254c6fbc5efd47.jpeg\" alt=\"\" width=\"400\" height=\"258\" srcset=\"https:\/\/agsaqqallarsurasi.az\/wp-content\/uploads\/2022\/04\/thumbnail_aa33e1c1a2d5f18548254c6fbc5efd47.jpeg 799w, https:\/\/agsaqqallarsurasi.az\/wp-content\/uploads\/2022\/04\/thumbnail_aa33e1c1a2d5f18548254c6fbc5efd47-300x194.jpeg 300w, https:\/\/agsaqqallarsurasi.az\/wp-content\/uploads\/2022\/04\/thumbnail_aa33e1c1a2d5f18548254c6fbc5efd47-768x496.jpeg 768w, https:\/\/agsaqqallarsurasi.az\/wp-content\/uploads\/2022\/04\/thumbnail_aa33e1c1a2d5f18548254c6fbc5efd47-600x387.jpeg 600w, https:\/\/agsaqqallarsurasi.az\/wp-content\/uploads\/2022\/04\/thumbnail_aa33e1c1a2d5f18548254c6fbc5efd47-150x97.jpeg 150w\" sizes=\"(max-width: 400px) 100vw, 400px\" \/>Bak\u0131, 25 aprel,\u00a0AZ\u018fRTAC<\/p>\n<p>Az\u0259rbaycan A\u011fsaqqallar \u015euras\u0131 respublikam\u0131z\u0131n \u015f\u0259h\u0259r v\u0259 rayonlar\u0131nda t\u0259dbirl\u0259rini davam etdirir. \u015euran\u0131n s\u0259dr m\u00fcavini Bayram Yusifovun i\u015ftirak\u0131 il\u0259 \u015e\u0259mkir v\u0259 G\u0259d\u0259b\u0259y rayon t\u0259\u015fkilatlar\u0131n\u0131n hesabat-se\u00e7ki konfranslar\u0131 ke\u00e7irilib. Az\u0259rbaycan Respublikas\u0131 Nazirl\u0259r Kabineti yan\u0131nda Operativ Q\u0259rargah\u0131n x\u00fcsusi karantin rejimi qaydalar\u0131na riay\u0259t olunmaqla m\u0259hdud t\u0259rkibd\u0259 ke\u00e7iril\u0259n bu t\u0259dbirl\u0259rd\u0259 a\u011fsaqqallarla yana\u015f\u0131 rayon r\u0259hb\u0259rlikl\u0259rinin n\u00fcmay\u0259nd\u0259l\u0259ri v\u0259 ziyal\u0131lar da i\u015ftirak edibl\u0259r.<\/p>\n<p>AZ\u018fRTAC\u00a0x\u0259b\u0259r verir ki, h\u0259r iki rayonda t\u0259dbir i\u015ftirak\u00e7\u0131lar\u0131, \u0259vv\u0259lc\u0259, \u00fcmummilli lider Heyd\u0259r \u018fliyevin abid\u0259si \u00f6n\u00fcn\u0259 g\u00fcl d\u0259st\u0259l\u0259ri d\u00fcz\u0259r\u0259k xatir\u0259sini ehtiramla yad edibl\u0259r.<\/p>\n<p>Konfranslarda V\u0259t\u0259n m\u00fcharib\u0259sind\u0259 h\u0259lak olmu\u015f \u015f\u0259hidl\u0259rin v\u0259 \u00f6t\u0259n d\u00f6vr \u0259rzind\u0259 d\u00fcnyas\u0131n\u0131 d\u0259yi\u015fmi\u015f a\u011fsaqqallar\u0131n xatir\u0259si bir d\u0259qiq\u0259lik s\u00fckutla yad edildikd\u0259n sonra \u00e7\u0131x\u0131\u015f ed\u0259n Az\u0259rbaycan A\u011fsaqqallar \u015euras\u0131n\u0131n s\u0259dr m\u00fcavini Bayram Yusifov \u015euran\u0131n s\u0259dri, Milli M\u0259clisin deputat\u0131, professor Eldar Quliyevin salamlar\u0131n\u0131 t\u0259dbir i\u015ftirak\u00e7\u0131lar\u0131na \u00e7atd\u0131r\u0131b. Az\u0259rbaycan A\u011fsaqqallar \u015euras\u0131n\u0131n \u00f6lk\u0259nin ictimai-m\u0259d\u0259ni h\u0259yat\u0131ndak\u0131 \u0259h\u0259miyy\u0259tli rolundan s\u00f6z a\u00e7an B.Yusifov qeyd edib ki, bu g\u00fcn a\u011fsaqqallar\u0131n \u0259sas v\u0259zif\u0259l\u0259ri ulu \u00f6nd\u0259r Heyd\u0259r \u018fliyevin qurub yaratd\u0131\u011f\u0131, m\u00f6ht\u0259r\u0259m Prezidentimiz \u0130lham \u018fliyevin daha da inki\u015faf etdirdiyi v\u0259 m\u00f6hk\u0259ml\u0259ndirdiyi milli d\u00f6vl\u0259t\u00e7iliyi qorumaq, ya\u015fatmaq v\u0259 g\u0259l\u0259c\u0259k n\u0259sill\u0259r\u0259 \u00f6t\u00fcrm\u0259kd\u0259n ibar\u0259tdir. O bildirib ki, \u00f6lk\u0259mizd\u0259 a\u011fsaqqall\u0131q institutu, a\u011fsaqqal s\u00f6z\u00fc tarix boyu x\u00fcsusi \u0259h\u0259miyy\u0259t da\u015f\u0131y\u0131b, d\u0259rin m\u0259na k\u0259sb edib. A\u011fsaqqallar h\u0259r zaman \u0259srl\u0259r\u0259 s\u00f6yk\u0259n\u0259n d\u0259y\u0259rli h\u0259yat t\u0259cr\u00fcb\u0259l\u0259ri, m\u00fcdrikliyi v\u0259 qiym\u0259tli m\u0259sl\u0259h\u0259tl\u0259ri il\u0259 c\u0259miyy\u0259t\u0259, x\u00fcsusil\u0259 d\u0259 g\u0259ncl\u0259rimiz\u0259 d\u0259st\u0259k olub, insanlar\u0131n k\u00f6m\u0259yin\u0259 \u00e7at\u0131blar.<\/p>\n<p>Tariximiz\u0259 q\u0131z\u0131l h\u0259rfl\u0259rl\u0259 yaz\u0131lm\u0131\u015f m\u00f6ht\u0259\u015f\u0259m Z\u0259f\u0259rd\u0259n b\u00f6y\u00fck iftixar hissi il\u0259 b\u0259hs ed\u0259n Bayram Yusifov qeyd edib ki, Az\u0259rbaycan \u00fc\u00e7\u00fcn h\u0259lledici m\u0259qamlarda h\u0259r zaman xalq\u0131n \u00f6n\u00fcnd\u0259 ged\u0259n a\u011fsaqqallar\u0131m\u0131z 44 g\u00fcnl\u00fck V\u0259t\u0259n m\u00fcharib\u0259si d\u00f6vr\u00fcnd\u0259 oldu\u011fu kimi, bu g\u00fcn d\u0259 M\u00fcz\u0259ff\u0259r Ali Ba\u015f Komandan, Prezident \u0130lham \u018fliyevin \u0259traf\u0131nda s\u0131x birl\u0259\u015fibl\u0259r. Ulu \u00f6nd\u0259r Heyd\u0259r \u018fliyevin a\u011fsaqqallara g\u00f6st\u0259rdiyi y\u00fcks\u0259k diqq\u0259t v\u0259 qay\u011f\u0131 siyas\u0259tinin haz\u0131rda d\u00f6vl\u0259t ba\u015f\u00e7\u0131s\u0131 \u0130lham \u018fliyev v\u0259 birinci xan\u0131m Mehriban \u018fliyeva t\u0259r\u0259find\u0259n u\u011furla davam etdirilm\u0259sind\u0259n s\u00f6hb\u0259t a\u00e7an natiq bu g\u00fcn \u00f6lk\u0259d\u0259 ged\u0259n davaml\u0131 inki\u015faf prosesind\u0259 a\u011fsaqqallar\u0131n da yax\u0131ndan i\u015ftirak etdiyini t\u0259dbir i\u015ftirak\u00e7\u0131lar\u0131n\u0131n diqq\u0259tin\u0259 \u00e7atd\u0131r\u0131b.<\/p>\n<p>Vur\u011fulan\u0131b ki, haz\u0131rda Az\u0259rbaycan A\u011fsaqqallar \u015euras\u0131n\u0131n s\u0259dri, Milli M\u0259clisin deputat\u0131 Eldar Quliyevin ba\u015f\u00e7\u0131l\u0131\u011f\u0131 il\u0259 t\u0259\u015fkilat qar\u015f\u0131ya qoyulan h\u0259d\u0259fl\u0259r\u0259 \u00e7atmaq \u00fc\u00e7\u00fcn ard\u0131c\u0131l, m\u0259qs\u0259dy\u00f6nl\u00fc v\u0259 m\u0259hsuldar f\u0259aliyy\u0259tini davam etdirir: \u201c\u015e\u00fcbh\u0259 yoxdur ki, Az\u0259rbaycan A\u011fsaqqallar \u015euras\u0131 bundan sonra da y\u00fcks\u0259k s\u0259yl\u0259 \u00e7al\u0131\u015faraq b\u00fct\u00f6vl\u00fckd\u0259 d\u00f6vl\u0259timizin v\u0259 c\u0259miyy\u0259timizin inki\u015faf\u0131na \u00f6z t\u00f6hf\u0259sini ver\u0259c\u0259kdir\u201d.<\/p>\n<p>Sonra \u00e7\u0131x\u0131\u015f ed\u0259n \u015e\u0259mkir Rayon \u0130cra Hakimiyy\u0259tinin ba\u015f\u00e7\u0131s\u0131 Alimpa\u015fa M\u0259mm\u0259dov v\u0259 G\u0259d\u0259b\u0259y Rayon \u0130cra Hakimiyy\u0259tinin ba\u015f\u00e7\u0131s\u0131 \u0130brahim Mustafayev t\u0259dbirl\u0259rin i\u015fin\u0259 u\u011furlar arzulayaraq bildiribl\u0259r ki, c\u0259miyy\u0259td\u0259 b\u00f6y\u00fck n\u00fcfuz sahibi olan a\u011fsaqqallar milli-m\u0259n\u0259vi d\u0259y\u0259rl\u0259rimizin qorunmas\u0131nda v\u0259 t\u0259bli\u011f edilm\u0259sind\u0259, g\u0259ncl\u0259r\u0259 d\u00fczg\u00fcn yol g\u00f6st\u0259rm\u0259kd\u0259, v\u0259t\u0259np\u0259rv\u0259rlik ruhu a\u015f\u0131lamaqda \u0259h\u0259miyy\u0259tli rol oynay\u0131rlar. Qeyd edilib ki, h\u0259m koronavirus pandemiyas\u0131 il\u0259 m\u00fcbariz\u0259 zaman\u0131, h\u0259m d\u0259 M\u00fcz\u0259ff\u0259r Ali Ba\u015f Komandan \u0130lham \u018fliyevin r\u0259hb\u0259rliyi alt\u0131nda r\u0259\u015fad\u0259tli Ordumuzun q\u0259l\u0259b\u0259 qazand\u0131\u011f\u0131 V\u0259t\u0259n m\u00fcharib\u0259si d\u00f6vr\u00fcnd\u0259 rayon a\u011fsaqqallar\u0131 \u0259haliy\u0259 b\u00f6y\u00fck d\u0259st\u0259k v\u0259 f\u0259dakarl\u0131q n\u00fcmayi\u015f etdiribl\u0259r.<\/p>\n<p>Daha sonra t\u0259\u015fkilati m\u0259s\u0259l\u0259l\u0259r m\u00fczakir\u0259 olunub &#8211; yeni \u0259sasnam\u0259l\u0259r q\u0259bul edilib, Bilal M\u0259mm\u0259dov \u015e\u0259mkir Rayon A\u011fsaqqallar \u015euras\u0131n\u0131n, K\u0259r\u0259m M\u0259mm\u0259dov is\u0259 G\u0259d\u0259b\u0259y Rayon A\u011fsaqqallar \u015euras\u0131n\u0131n s\u0259dri se\u00e7ilib. H\u0259m\u00e7inin h\u0259r iki rayon t\u0259\u015fkilat\u0131n\u0131n \u0130dar\u0259 Hey\u0259tinin v\u0259 T\u0259fti\u015f Komissiyas\u0131n\u0131n yeni t\u0259rkibi formala\u015fd\u0131r\u0131l\u0131b.<\/p>\n<p>Sonda rayonlar\u0131n yeni se\u00e7ilmi\u015f s\u0259drl\u0259ri, \u0130dar\u0259 Hey\u0259tinin v\u0259 T\u0259fti\u015f Komissiyas\u0131n\u0131n \u00fczvl\u0259ri onlara g\u00f6st\u0259rilmi\u015f y\u00fcks\u0259k etimada g\u00f6r\u0259 t\u0259dbir i\u015ftirak\u00e7\u0131lar\u0131na t\u0259\u015f\u0259kk\u00fcrl\u0259rini bildiribl\u0259r v\u0259 \u00f6z potensiallar\u0131ndan maksimum istifad\u0259 ed\u0259r\u0259k bu etimad\u0131 do\u011fruldacaqlar\u0131na s\u00f6z veribl\u0259r.<\/p>\n","protected":false},"excerpt":{"rendered":"<p>Bak\u0131, 25 aprel,\u00a0AZ\u018fRTAC Az\u0259rbaycan A\u011fsaqqallar \u015euras\u0131 respublikam\u0131z\u0131n \u015f\u0259h\u0259r v\u0259 rayonlar\u0131nda t\u0259dbirl\u0259rini davam etdirir. \u015euran\u0131n s\u0259dr m\u00fcavini Bayram Yusifovun i\u015ftirak\u0131 il\u0259<\/p>\n","protected":false},"author":1,"featured_media":2441,"comment_status":"open","ping_status":"open","sticky":false,"template":"","format":"standard","meta":{"cybocfi_hide_featured_image":"yes"},"categories":[26],"tags":[],"_links":{"self":[{"href":"https:\/\/agsaqqallarsurasi.az\/ru\/wp-json\/wp\/v2\/posts\/5639"}],"collection":[{"href":"https:\/\/agsaqqallarsurasi.az\/ru\/wp-json\/wp\/v2\/posts"}],"about":[{"href":"https:\/\/agsaqqallarsurasi.az\/ru\/wp-json\/wp\/v2\/types\/post"}],"author":[{"embeddable":true,"href":"https:\/\/agsaqqallarsurasi.az\/ru\/wp-json\/wp\/v2\/users\/1"}],"replies":[{"embeddable":true,"href":"https:\/\/agsaqqallarsurasi.az\/ru\/wp-json\/wp\/v2\/comments?post=5639"}],"version-history":[{"count":0,"href":"https:\/\/agsaqqallarsurasi.az\/ru\/wp-json\/wp\/v2\/posts\/5639\/revisions"}],"wp:featuredmedia":[{"embeddable":true,"href":"https:\/\/agsaqqallarsurasi.az\/ru\/wp-json\/wp\/v2\/media\/2441"}],"wp:attachment":[{"href":"https:\/\/agsaqqallarsurasi.az\/ru\/wp-json\/wp\/v2\/media?parent=5639"}],"wp:term":[{"taxonomy":"category","embeddable":true,"href":"https:\/\/agsaqqallarsurasi.az\/ru\/wp-json\/wp\/v2\/categories?post=5639"},{"taxonomy":"post_tag","embeddable":true,"href":"https:\/\/agsaqqallarsurasi.az\/ru\/wp-json\/wp\/v2\/tags?post=5639"}],"curies":[{"name":"wp","href":"https:\/\/api.w.org\/{rel}","templated":true}]}}