{"id":5665,"date":"2021-08-02T01:37:47","date_gmt":"2021-08-01T21:37:47","guid":{"rendered":"https:\/\/agsaqqallarsurasi.az\/agsaqqallar-g%c9%99ncl%c9%99r%c9%99-h%c9%99mis%c9%99-orn%c9%99k-olmaqla-yanasi-ictimai-siyasi-isl%c9%99rd%c9%99-d%c9%99-f%c9%99al-istirak-edirl%c9%99r\/"},"modified":"2021-08-02T01:37:47","modified_gmt":"2021-08-01T21:37:47","slug":"agsaqqallar-g%c9%99ncl%c9%99r%c9%99-h%c9%99mis%c9%99-orn%c9%99k-olmaqla-yanasi-ictimai-siyasi-isl%c9%99rd%c9%99-d%c9%99-f%c9%99al-istirak-edirl%c9%99r","status":"publish","type":"post","link":"https:\/\/agsaqqallarsurasi.az\/ru\/agsaqqallar-g%c9%99ncl%c9%99r%c9%99-h%c9%99mis%c9%99-orn%c9%99k-olmaqla-yanasi-ictimai-siyasi-isl%c9%99rd%c9%99-d%c9%99-f%c9%99al-istirak-edirl%c9%99r\/","title":{"rendered":"A\u011fsaqqallar g\u0259ncl\u0259r\u0259 h\u0259mi\u015f\u0259 \u00f6rn\u0259k olmaqla yana\u015f\u0131, ictimai-siyasi i\u015fl\u0259rd\u0259 d\u0259 f\u0259al i\u015ftirak edirl\u0259r"},"content":{"rendered":"<p><img loading=\"lazy\" class=\"wp-image-420 alignleft\" src=\"https:\/\/agsaqqallarsurasi.az\/wp-content\/uploads\/2022\/04\/thumbnail_407782f2fc9ddacd4fd31db01d67acf8.jpg\" alt=\"\" width=\"400\" height=\"258\" srcset=\"https:\/\/agsaqqallarsurasi.az\/wp-content\/uploads\/2022\/04\/thumbnail_407782f2fc9ddacd4fd31db01d67acf8.jpg 799w, https:\/\/agsaqqallarsurasi.az\/wp-content\/uploads\/2022\/04\/thumbnail_407782f2fc9ddacd4fd31db01d67acf8-300x194.jpg 300w, https:\/\/agsaqqallarsurasi.az\/wp-content\/uploads\/2022\/04\/thumbnail_407782f2fc9ddacd4fd31db01d67acf8-768x496.jpg 768w, https:\/\/agsaqqallarsurasi.az\/wp-content\/uploads\/2022\/04\/thumbnail_407782f2fc9ddacd4fd31db01d67acf8-600x387.jpg 600w, https:\/\/agsaqqallarsurasi.az\/wp-content\/uploads\/2022\/04\/thumbnail_407782f2fc9ddacd4fd31db01d67acf8-150x97.jpg 150w\" sizes=\"(max-width: 400px) 100vw, 400px\" \/>Bak\u0131, 18 may,\u00a0AZ\u018fRTAC<\/p>\n<p>May\u0131n 18-d\u0259 Bak\u0131n\u0131n L\u00f6kbatan q\u0259s\u0259b\u0259sind\u0259ki Heyd\u0259r \u018fliyev M\u0259rk\u0259zind\u0259 x\u00fcsusi karantin rejimi qaydalar\u0131na riay\u0259t olunmaqla, Qarada\u011f Rayon A\u011fsaqqallar \u015euras\u0131n\u0131n konfrans\u0131 ke\u00e7irilib.<\/p>\n<p>A\u011fsaqqallar \u015euras\u0131n\u0131n m\u0259tbuat xidm\u0259tind\u0259n\u00a0AZ\u018fRTAC-a bildiribl\u0259r ki, t\u0259dbird\u0259 Az\u0259rbaycan A\u011fsaqqallar \u015euras\u0131n\u0131n s\u0259dr m\u00fcavini, Milli M\u0259clisin deputat\u0131 Eldar \u0130brahimov, Milli M\u0259clisin deputat\u0131 Ayd\u0131n H\u00fcseynov, rayon a\u011fsaqqallar\u0131 v\u0259 ziyal\u0131lar\u0131 i\u015ftirak edibl\u0259r.<\/p>\n<p>T\u0259dbir i\u015ftirak\u00e7\u0131lar\u0131, \u0259vv\u0259lc\u0259, ulu \u00f6nd\u0259r Heyd\u0259r \u018fliyevin abid\u0259si \u00f6n\u00fcn\u0259 g\u00fcl d\u0259st\u0259l\u0259ri qoyaraq, xatir\u0259sini ehtiramla an\u0131blar.<\/p>\n<p>Toplant\u0131da Az\u0259rbaycan\u0131n suverenliyi v\u0259 \u0259razi b\u00fct\u00f6vl\u00fcy\u00fc u\u011frunda \u015f\u0259hid olanlar\u0131n v\u0259 \u00f6t\u0259n d\u00f6vr \u0259rzind\u0259 d\u00fcnyas\u0131n\u0131 d\u0259yi\u015f\u0259n a\u011fsaqqallar\u0131n xatir\u0259si bir d\u0259qiq\u0259lik s\u00fckutla yad edilib.<\/p>\n<p>Bildirilib ki, rayonun m\u0259d\u0259ni-ictimai h\u0259yat\u0131nda, g\u0259nc n\u0259slin formala\u015fmas\u0131nda, inki\u015faf\u0131nda a\u011fsaqqallar h\u0259mi\u015f\u0259 \u0259h\u0259miyy\u0259tli rol oynay\u0131blar. Prezident, M\u00fcz\u0259ff\u0259r Ali Ba\u015f Komandan \u0130lham \u018fliyevin r\u0259hb\u0259rliyi il\u0259 r\u0259\u015fad\u0259tli Ordumuzun 44 g\u00fcnl\u00fck m\u00fcharib\u0259d\u0259 qazand\u0131\u011f\u0131 m\u00f6ht\u0259\u015f\u0259m Z\u0259f\u0259rd\u0259n q\u00fcrurla s\u00f6z a\u00e7\u0131l\u0131b. Diqq\u0259t\u0259 \u00e7atd\u0131r\u0131l\u0131b ki, torpaqlar\u0131m\u0131z\u0131n i\u015f\u011faldan azad edilm\u0259sind\u0259 Qarada\u011f rayonundan olan g\u0259ncl\u0259r d\u0259 b\u00f6y\u00fck q\u0259hr\u0259manl\u0131qlar g\u00f6st\u0259ribl\u0259r. Bel\u0259 m\u0259rd o\u011fullar\u0131n yeti\u015fdirilm\u0259sind\u0259 a\u011fsaqqallar\u0131n \u0259m\u0259yi dan\u0131lmazd\u0131r.<\/p>\n<p>T\u0259dbird\u0259 \u00e7\u0131x\u0131\u015f ed\u0259n Az\u0259rbaycan A\u011fsaqqallar \u015euras\u0131n\u0131n s\u0259dr m\u00fcavini, deputat Eldar \u0130brahimov, \u0259vv\u0259lc\u0259, \u015euran\u0131n s\u0259dri, Milli M\u0259clisin deputat\u0131, professor Eldar Quliyevin salamlar\u0131n\u0131 konfrans i\u015ftirak\u00e7\u0131lar\u0131na \u00e7atd\u0131r\u0131b. Sonra o, Az\u0259rbaycan A\u011fsaqqallar \u015euras\u0131 haqq\u0131nda, yerli t\u0259\u015fkilatlar\u0131n t\u0259rkibi, \u018fsasnam\u0259si v\u0259 qar\u015f\u0131da duran v\u0259zif\u0259l\u0259r bar\u0259d\u0259 \u0259trafl\u0131 m\u0259lumat verib. Bildirilib ki, xalq\u0131m\u0131z, h\u0259m\u00e7inin a\u011fsaqqallar\u0131m\u0131z 44 g\u00fcnl\u00fck V\u0259t\u0259n m\u00fcharib\u0259si d\u00f6vr\u00fcnd\u0259 Prezident \u0130lham \u018fliyevin \u0259traf\u0131nda yumruq kimi s\u0131x birl\u0259\u015f\u0259r\u0259k, b\u00fct\u00fcn d\u00fcnyaya Az\u0259rbaycan\u0131n q\u00fcdr\u0259tini g\u00f6st\u0259rib. Otuz illik m\u00fcnaqi\u015f\u0259y\u0259 44 g\u00fcn \u0259rzind\u0259 son qoyuldu\u011funu, d\u00fc\u015fm\u0259n \u00fcz\u0259rind\u0259 qazan\u0131lan b\u00f6y\u00fck Q\u0259l\u0259b\u0259nin h\u0259rb salnam\u0259sin\u0259 q\u0131z\u0131l h\u0259rfl\u0259rl\u0259 h\u0259kk olundu\u011funu qeyd ed\u0259n Eldar \u0130brahimov vur\u011fulay\u0131b ki, bu u\u011fur, bu nailiyy\u0259t, bu tarixi hadis\u0259 M\u00fcz\u0259ff\u0259r Ali Ba\u015f Komandan \u0130lham \u018fliyevin, onun r\u0259hb\u0259rlik etdiyi \u015fanl\u0131 Az\u0259rbaycan Ordusunun, q\u0259hr\u0259man \u0259sg\u0259rl\u0259rimizin ad\u0131 il\u0259 ba\u011fl\u0131d\u0131r. Daha sonra diqq\u0259t\u0259 \u00e7atd\u0131r\u0131l\u0131b ki, davam ed\u0259n koronavirus pandemiyas\u0131na v\u0259 bundan ir\u0259li g\u0259l\u0259n m\u00fc\u0259yy\u0259n \u00e7\u0259tinlikl\u0259r\u0259 baxmayaraq, d\u00f6vl\u0259timizin ba\u015f\u00e7\u0131s\u0131n\u0131n r\u0259hb\u0259rliyi il\u0259 bu g\u00fcn Az\u0259rbaycan yeni t\u0259r\u0259qqi m\u0259rh\u0259l\u0259sin\u0259 q\u0259d\u0259m qoyub. Bildirilib ki, Az\u0259rbaycan Respublikas\u0131n\u0131n Birinci vitse-prezidenti Mehriban xan\u0131m \u018fliyevan\u0131n b\u00f6y\u00fck t\u00f6hf\u0259 verdiyi, \u00f6lk\u0259mizd\u0259 davam ed\u0259n bu inki\u015faf prosesi Az\u0259rbaycan A\u011fsaqqallar \u015euras\u0131nda da \u00f6z\u00fcn\u00fc g\u00f6st\u0259rm\u0259kd\u0259dir.<\/p>\n<p>Qarada\u011f rayonundan se\u00e7ilmi\u015f deputat Ayd\u0131n H\u00fcseynov bildirib ki, rayonun m\u0259rd \u00f6vladlar\u0131 Az\u0259rbaycan\u0131n V\u0259t\u0259n m\u00fcharib\u0259sind\u0259ki Q\u0259l\u0259b\u0259 tarixin\u0259 q\u0259hr\u0259manl\u0131qlar\u0131 il\u0259 \u00f6z adlar\u0131n\u0131 yaz\u0131blar. Bu Z\u0259f\u0259rin qazan\u0131lmas\u0131nda a\u011fsaqqallar\u0131n da b\u00f6y\u00fck rolu olub. A\u011fsaqqallar g\u0259ncl\u0259r\u0259 h\u0259mi\u015f\u0259 \u00f6rn\u0259k olmaqla yana\u015f\u0131, ictimai-siyasi i\u015fl\u0259rd\u0259 d\u0259 f\u0259al i\u015ftirak edirl\u0259r. Onlar rayonun b\u00fct\u00fcn t\u0259dbirl\u0259rind\u0259 diqq\u0259t m\u0259rk\u0259zind\u0259 saxlan\u0131l\u0131r v\u0259 qay\u011f\u0131 il\u0259 \u0259hat\u0259 olunurlar. Milli-m\u0259n\u0259vi d\u0259y\u0259rl\u0259rimiz say\u0131lan a\u011fsaqqallara sa\u011flam \u00f6m\u00fcr arzulayan deputat bildirib ki, a\u011fsaqqal s\u00f6z\u00fcn\u00fcn hikm\u0259tinin b\u00f6y\u00fckl\u00fcy\u00fcn\u0259 h\u0259mi\u015f\u0259 y\u00fcks\u0259k qiym\u0259t ver\u0259n, onlar\u0131 c\u0259miyy\u0259tin \u0259n n\u00fcfuzlu \u00fczvl\u0259ri kimi q\u0259bul ed\u0259n ulu \u00f6nd\u0259r Heyd\u0259r \u018fliyevin respublika a\u011fsaqqallar\u0131na g\u00f6st\u0259rdiyi diqq\u0259t v\u0259 qay\u011f\u0131 haz\u0131rda Prezident \u0130lham \u018fliyev t\u0259r\u0259find\u0259n y\u00fcks\u0259k s\u0259viyy\u0259d\u0259 davam etdirilir.<\/p>\n<p>Sonra t\u0259\u015fkilati m\u0259s\u0259l\u0259l\u0259r m\u00fczakir\u0259 olunub. Qarada\u011f Rayon A\u011fsaqqallar \u015euras\u0131n\u0131n yeni \u018fsasnam\u0259si a\u00e7\u0131q s\u0259sverm\u0259 yolu il\u0259 q\u0259bul edilib. Ramin M\u0259mm\u0259dov \u015euran\u0131n s\u0259dri se\u00e7ilib. Konfransda, h\u0259m\u00e7inin Rayon A\u011fsaqqallar \u015euras\u0131n\u0131n \u0130dar\u0259 Hey\u0259tinin v\u0259 T\u0259fti\u015f Komissiyas\u0131n\u0131n yeni t\u0259rkibi formala\u015fd\u0131r\u0131l\u0131b.<\/p>\n<p>Sonda natiql\u0259r Qarada\u011f Rayon A\u011fsaqqallar \u015euras\u0131n\u0131n yeni se\u00e7ilmi\u015f s\u0259drini v\u0259 \u0130dar\u0259 Hey\u0259tini t\u0259brik edib, g\u0259l\u0259c\u0259k f\u0259aliyy\u0259tl\u0259rind\u0259 onlara u\u011furlar arzulay\u0131blar.<\/p>\n","protected":false},"excerpt":{"rendered":"<p>Bak\u0131, 18 may,\u00a0AZ\u018fRTAC May\u0131n 18-d\u0259 Bak\u0131n\u0131n L\u00f6kbatan q\u0259s\u0259b\u0259sind\u0259ki Heyd\u0259r \u018fliyev M\u0259rk\u0259zind\u0259 x\u00fcsusi karantin rejimi qaydalar\u0131na riay\u0259t olunmaqla, Qarada\u011f Rayon A\u011fsaqqallar<\/p>\n","protected":false},"author":1,"featured_media":2449,"comment_status":"open","ping_status":"open","sticky":false,"template":"","format":"standard","meta":{"cybocfi_hide_featured_image":"yes"},"categories":[26],"tags":[],"_links":{"self":[{"href":"https:\/\/agsaqqallarsurasi.az\/ru\/wp-json\/wp\/v2\/posts\/5665"}],"collection":[{"href":"https:\/\/agsaqqallarsurasi.az\/ru\/wp-json\/wp\/v2\/posts"}],"about":[{"href":"https:\/\/agsaqqallarsurasi.az\/ru\/wp-json\/wp\/v2\/types\/post"}],"author":[{"embeddable":true,"href":"https:\/\/agsaqqallarsurasi.az\/ru\/wp-json\/wp\/v2\/users\/1"}],"replies":[{"embeddable":true,"href":"https:\/\/agsaqqallarsurasi.az\/ru\/wp-json\/wp\/v2\/comments?post=5665"}],"version-history":[{"count":0,"href":"https:\/\/agsaqqallarsurasi.az\/ru\/wp-json\/wp\/v2\/posts\/5665\/revisions"}],"wp:featuredmedia":[{"embeddable":true,"href":"https:\/\/agsaqqallarsurasi.az\/ru\/wp-json\/wp\/v2\/media\/2449"}],"wp:attachment":[{"href":"https:\/\/agsaqqallarsurasi.az\/ru\/wp-json\/wp\/v2\/media?parent=5665"}],"wp:term":[{"taxonomy":"category","embeddable":true,"href":"https:\/\/agsaqqallarsurasi.az\/ru\/wp-json\/wp\/v2\/categories?post=5665"},{"taxonomy":"post_tag","embeddable":true,"href":"https:\/\/agsaqqallarsurasi.az\/ru\/wp-json\/wp\/v2\/tags?post=5665"}],"curies":[{"name":"wp","href":"https:\/\/api.w.org\/{rel}","templated":true}]}}